{"id":3800,"date":"2014-05-01T11:03:05","date_gmt":"2014-05-01T10:03:05","guid":{"rendered":"http:\/\/www.marinadellabella.it\/?p=3800"},"modified":"2014-07-07T16:02:33","modified_gmt":"2014-07-07T15:02:33","slug":"primo-maggio-di-festa-ma-forse-mi-confondo","status":"publish","type":"post","link":"https:\/\/www.marinadellabella.it\/?p=3800","title":{"rendered":"Primo maggio di festa, ma forse mi confondo"},"content":{"rendered":"<p><span class=\"vvqbox vvqyoutube\" style=\"width:425px;height:344px;\"><span id=\"vvq-3800-youtube-1\"><a href=\"http:\/\/www.youtube.com\/watch?v=ayzaCokHvBk\"><img decoding=\"async\" src=\"http:\/\/img.youtube.com\/vi\/ayzaCokHvBk\/0.jpg\" alt=\"Immagine anteprima YouTube\" \/><\/a><\/span><\/span>Negli anni Settanta ascoltavo questa canzone. Oggi mi \u00e8 tornata in mente per una strofa che dice pi\u00f9 o meno: primo maggio di festa, oggi, ma forse mi confondo. Potenza delle parole, che tornano dopo quasi quarant&#8217;anni a esprimere perfettamente uno stato di personale smarrimento. L\u00ec ci si riferiva al Vietnam (quanti Vietnam ancora in giro per il mondo e anche nelle nostre strade, quanti sono mandati o vanno inconsapevolmente al macello), qui ci si riferisce al lavoro che dava dignit\u00e0 e gioia e che ora non c&#8217;\u00e8 o se c&#8217;\u00e8 diventa precariet\u00e0, ricatto, rischio, malattia, violenza, morte. Di lavoro si muore e di non lavoro si muore lo stesso. E allora oggi cosa si festeggia: forse i centri commerciali e i negozi aperti, la disoccupazione, il lavoro mascherato per non essere retribuito, l&#8217;Ilva, la Thyssen o Piombino, il caporalato e la manodopera nera, i tradimenti sindacali e i tentativi repressi di darsi nuove rappresentanze? Forse non \u00e8 pi\u00f9 festa o forse mi confondo&#8230;<\/p>\n","protected":false},"excerpt":{"rendered":"<p>Negli anni Settanta ascoltavo questa canzone. Oggi mi \u00e8 tornata in mente per una strofa che dice pi\u00f9 o meno: primo maggio di festa, oggi, ma forse mi confondo. Potenza delle parole, che tornano dopo quasi quarant&#8217;anni a esprimere perfettamente &hellip; <a href=\"https:\/\/www.marinadellabella.it\/?p=3800\">Continua a leggere<span class=\"meta-nav\">&rarr;<\/span><\/a><\/p>\n","protected":false},"author":1,"featured_media":0,"comment_status":"closed","ping_status":"open","sticky":false,"template":"","format":"standard","meta":{"footnotes":""},"categories":[29],"tags":[312,59,313],"class_list":["post-3800","post","type-post","status-publish","format-standard","hentry","category-lavoro","tag-claudio-lolli","tag-primo-maggio","tag-primo-maggio-di-festa"],"_links":{"self":[{"href":"https:\/\/www.marinadellabella.it\/index.php?rest_route=\/wp\/v2\/posts\/3800","targetHints":{"allow":["GET"]}}],"collection":[{"href":"https:\/\/www.marinadellabella.it\/index.php?rest_route=\/wp\/v2\/posts"}],"about":[{"href":"https:\/\/www.marinadellabella.it\/index.php?rest_route=\/wp\/v2\/types\/post"}],"author":[{"embeddable":true,"href":"https:\/\/www.marinadellabella.it\/index.php?rest_route=\/wp\/v2\/users\/1"}],"replies":[{"embeddable":true,"href":"https:\/\/www.marinadellabella.it\/index.php?rest_route=%2Fwp%2Fv2%2Fcomments&post=3800"}],"version-history":[{"count":3,"href":"https:\/\/www.marinadellabella.it\/index.php?rest_route=\/wp\/v2\/posts\/3800\/revisions"}],"predecessor-version":[{"id":3803,"href":"https:\/\/www.marinadellabella.it\/index.php?rest_route=\/wp\/v2\/posts\/3800\/revisions\/3803"}],"wp:attachment":[{"href":"https:\/\/www.marinadellabella.it\/index.php?rest_route=%2Fwp%2Fv2%2Fmedia&parent=3800"}],"wp:term":[{"taxonomy":"category","embeddable":true,"href":"https:\/\/www.marinadellabella.it\/index.php?rest_route=%2Fwp%2Fv2%2Fcategories&post=3800"},{"taxonomy":"post_tag","embeddable":true,"href":"https:\/\/www.marinadellabella.it\/index.php?rest_route=%2Fwp%2Fv2%2Ftags&post=3800"}],"curies":[{"name":"wp","href":"https:\/\/api.w.org\/{rel}","templated":true}]}}