{"id":383,"date":"2011-03-04T23:01:28","date_gmt":"2011-03-04T22:01:28","guid":{"rendered":"http:\/\/www.marinadellabella.it\/?p=383"},"modified":"2012-01-16T10:09:13","modified_gmt":"2012-01-16T09:09:13","slug":"i-colori-del-sud","status":"publish","type":"post","link":"https:\/\/www.marinadellabella.it\/?p=383","title":{"rendered":"I colori del sud"},"content":{"rendered":"<p style=\"text-align: justify;\"><span class=\"vvqbox vvqyoutube\" style=\"width:212px;height:172px;\"><span id=\"vvq-383-youtube-1\"><a href=\"http:\/\/www.youtube.com\/watch?v=xGAM-3D7jVk\"><img decoding=\"async\" src=\"http:\/\/img.youtube.com\/vi\/xGAM-3D7jVk\/0.jpg\" alt=\"Immagine anteprima YouTube\" \/><\/a><\/span><\/span><\/p>\n<p style=\"text-align: justify;\">Lo stile eversivo e rozzo della Lega, che vuole scardinare l&#8217;unit\u00e0 del paese, \u00e8 specchio di un&#8217;identit\u00e0 che si finge grande ma \u00e8 piccola, perch\u00e9 incapace di un confronto con chi vive oltre il recinto in cui si \u00e8 segregata. Brutta storia finire in un recinto e uscirne giusto per calare a Roma, fare un po&#8217; di bottino e ritirarsi.<\/p>\n<p style=\"text-align: justify;\">Da l\u00ec dentro, dal recinto e da Roma, la Lega sventola fazzoletti verdi contro l&#8217;Italia e il sud, ignorando l&#8217;importanza di entrambi e il prezzo pagato dal sud per l&#8217;unit\u00e0 del paese, allora e ancora. Come il suo popolo sembra ignorare la trasversalit\u00e0 di ogni sfruttamento e corruzione, dalle Alpi agli Appennini alle isole.<\/p>\n<p style=\"text-align: justify;\">Per fortuna il sud migliore non agita fazzoletti di un colore solo minacciando secessioni, perch\u00e9 \u00e8 terra del mondo e piena di colori. Non ha recinti, offre manodopera e accoglienza, sostiene il peso maggiore delle inefficienze politiche e delle criminalit\u00e0, fonde e diffonde linguaggi, arti e culture differenti.<\/p>\n<p style=\"text-align: justify;\">Il sud migliore ci ricorda anche l&#8217;ironia con cui andrebbero trattate patrie e bandiere, e la seriet\u00e0 pericolosa di chi \u00e8 costretto a difenderle per timore di finire peggio.<\/p>\n<p style=\"text-align: justify;\">\n","protected":false},"excerpt":{"rendered":"<p>Lo stile eversivo e rozzo della Lega, che vuole scardinare l&#8217;unit\u00e0 del paese, \u00e8 specchio di un&#8217;identit\u00e0 che si finge grande ma \u00e8 piccola, perch\u00e9 incapace di un confronto con chi vive oltre il recinto in cui si \u00e8 segregata. &hellip; <a href=\"https:\/\/www.marinadellabella.it\/?p=383\">Continua a leggere<span class=\"meta-nav\">&rarr;<\/span><\/a><\/p>\n","protected":false},"author":1,"featured_media":0,"comment_status":"open","ping_status":"open","sticky":false,"template":"","format":"standard","meta":{"footnotes":""},"categories":[10],"tags":[28,9],"class_list":["post-383","post","type-post","status-publish","format-standard","hentry","category-politica","tag-lega","tag-sud"],"_links":{"self":[{"href":"https:\/\/www.marinadellabella.it\/index.php?rest_route=\/wp\/v2\/posts\/383","targetHints":{"allow":["GET"]}}],"collection":[{"href":"https:\/\/www.marinadellabella.it\/index.php?rest_route=\/wp\/v2\/posts"}],"about":[{"href":"https:\/\/www.marinadellabella.it\/index.php?rest_route=\/wp\/v2\/types\/post"}],"author":[{"embeddable":true,"href":"https:\/\/www.marinadellabella.it\/index.php?rest_route=\/wp\/v2\/users\/1"}],"replies":[{"embeddable":true,"href":"https:\/\/www.marinadellabella.it\/index.php?rest_route=%2Fwp%2Fv2%2Fcomments&post=383"}],"version-history":[{"count":13,"href":"https:\/\/www.marinadellabella.it\/index.php?rest_route=\/wp\/v2\/posts\/383\/revisions"}],"predecessor-version":[{"id":2037,"href":"https:\/\/www.marinadellabella.it\/index.php?rest_route=\/wp\/v2\/posts\/383\/revisions\/2037"}],"wp:attachment":[{"href":"https:\/\/www.marinadellabella.it\/index.php?rest_route=%2Fwp%2Fv2%2Fmedia&parent=383"}],"wp:term":[{"taxonomy":"category","embeddable":true,"href":"https:\/\/www.marinadellabella.it\/index.php?rest_route=%2Fwp%2Fv2%2Fcategories&post=383"},{"taxonomy":"post_tag","embeddable":true,"href":"https:\/\/www.marinadellabella.it\/index.php?rest_route=%2Fwp%2Fv2%2Ftags&post=383"}],"curies":[{"name":"wp","href":"https:\/\/api.w.org\/{rel}","templated":true}]}}