{"id":3902,"date":"2014-07-20T16:22:58","date_gmt":"2014-07-20T15:22:58","guid":{"rendered":"http:\/\/www.marinadellabella.it\/?p=3902"},"modified":"2014-08-11T10:48:45","modified_gmt":"2014-08-11T09:48:45","slug":"carlo-giuliani","status":"publish","type":"post","link":"https:\/\/www.marinadellabella.it\/?p=3902","title":{"rendered":"Carlo Giuliani"},"content":{"rendered":"<p>Bisogna vivere in strada per poterne parlare. Anche d\u2019inverno, quando un vento teso morde i caruggi agli angoli e ci s\u2019infila e fruga. Sibila con toni bassi, rasoterra. I randagi, al riparo in qualche rientranza, lo ascoltano e a volte gli rispondono.<br \/>\nQuel giorno era luglio. Un vento pi\u00f9 calmo inseguiva la pioggia e la spostava oltre. Asciugava, puliva, riordinava i bivacchi di gente venuta da fuori. Sparsa nelle periferie, l\u00ec veniva respinta se si avvicinava al centro.<br \/>\nLa citt\u00e0 era ormai sotto assedio, in poche ore l\u2019avevano presa, isolata e divisa con muri, facciate finte, transenne, blindati di traverso. Avevano recintato il mare. Un elicottero sopra il porto tracciava cerchi sempre pi\u00f9 stretti.<br \/>\nNon conosco la storia, mi hanno appena spiegato le guerre di conquista e le adunate del sabato, come si \u00e8 resistito tra i paesi e la macchia, imparando la forza per necessit\u00e0. Sono un giovane esile, piccolo come un bambino, che vive per strada.<br \/>\nPer strada, quel giorno, ho visto giovani spingere muri a mani nude e cadere senza rialzarsi. Non si toglie l\u2019aria a chi la respira, una citt\u00e0 a chi la vive.<br \/>\nNon mi ero mai coperto il viso, mai, nemmeno d\u2019inverno per il sospiro gelido del vento. Ho la pelle sottile, quasi trasparente, e lo sguardo chiaro, diritto. Quel giorno, per\u00f2, ho visto troppo. Quando si vede troppo lo sguardo s\u2019offusca e prende traiettorie strane, cerca salvezza forse, o un po\u2019 di dignit\u00e0. Ho detto ci sono coprendomi la faccia, ci sono anch\u2019io ribellandomi. Ci sono anch\u2019io che vivo per strada senza muri, tra i randagi sparsi senza storia.<br \/>\nAvevo visto troppo. E poi pi\u00f9 niente, n\u00e9 gli altri n\u00e9 la strada del mare, n\u00e9 il cielo sopra a farmi da coperta.<\/p>\n<div class=\"entry-content\">\n<span class=\"vvqbox vvqyoutube\" style=\"width:425px;height:344px;\"><span id=\"vvq-3902-youtube-1\"><a href=\"http:\/\/www.youtube.com\/watch?v=bC-dy_gp17c\"><img decoding=\"async\" src=\"http:\/\/img.youtube.com\/vi\/bC-dy_gp17c\/0.jpg\" alt=\"Immagine anteprima YouTube\" \/><\/a><\/span><\/span>\n<\/div>\n<p>&nbsp;<\/p>\n","protected":false},"excerpt":{"rendered":"<p>Bisogna vivere in strada per poterne parlare. Anche d\u2019inverno, quando un vento teso morde i caruggi agli angoli e ci s\u2019infila e fruga. Sibila con toni bassi, rasoterra. I randagi, al riparo in qualche rientranza, lo ascoltano e a volte &hellip; <a href=\"https:\/\/www.marinadellabella.it\/?p=3902\">Continua a leggere<span class=\"meta-nav\">&rarr;<\/span><\/a><\/p>\n","protected":false},"author":1,"featured_media":0,"comment_status":"closed","ping_status":"open","sticky":false,"template":"","format":"standard","meta":{"footnotes":""},"categories":[16,1],"tags":[88,85,86,324],"class_list":["post-3902","post","type-post","status-publish","format-standard","hentry","category-scritti-personali","category-uncategorized","tag-carlo-giuliani","tag-g8","tag-genova-2001","tag-la-trappola"],"_links":{"self":[{"href":"https:\/\/www.marinadellabella.it\/index.php?rest_route=\/wp\/v2\/posts\/3902","targetHints":{"allow":["GET"]}}],"collection":[{"href":"https:\/\/www.marinadellabella.it\/index.php?rest_route=\/wp\/v2\/posts"}],"about":[{"href":"https:\/\/www.marinadellabella.it\/index.php?rest_route=\/wp\/v2\/types\/post"}],"author":[{"embeddable":true,"href":"https:\/\/www.marinadellabella.it\/index.php?rest_route=\/wp\/v2\/users\/1"}],"replies":[{"embeddable":true,"href":"https:\/\/www.marinadellabella.it\/index.php?rest_route=%2Fwp%2Fv2%2Fcomments&post=3902"}],"version-history":[{"count":1,"href":"https:\/\/www.marinadellabella.it\/index.php?rest_route=\/wp\/v2\/posts\/3902\/revisions"}],"predecessor-version":[{"id":3903,"href":"https:\/\/www.marinadellabella.it\/index.php?rest_route=\/wp\/v2\/posts\/3902\/revisions\/3903"}],"wp:attachment":[{"href":"https:\/\/www.marinadellabella.it\/index.php?rest_route=%2Fwp%2Fv2%2Fmedia&parent=3902"}],"wp:term":[{"taxonomy":"category","embeddable":true,"href":"https:\/\/www.marinadellabella.it\/index.php?rest_route=%2Fwp%2Fv2%2Fcategories&post=3902"},{"taxonomy":"post_tag","embeddable":true,"href":"https:\/\/www.marinadellabella.it\/index.php?rest_route=%2Fwp%2Fv2%2Ftags&post=3902"}],"curies":[{"name":"wp","href":"https:\/\/api.w.org\/{rel}","templated":true}]}}