{"id":3936,"date":"2014-10-06T10:48:12","date_gmt":"2014-10-06T09:48:12","guid":{"rendered":"http:\/\/www.marinadellabella.it\/?p=3936"},"modified":"2014-10-06T10:48:12","modified_gmt":"2014-10-06T09:48:12","slug":"ricostruiamo-il-grizzly","status":"publish","type":"post","link":"https:\/\/www.marinadellabella.it\/?p=3936","title":{"rendered":"Ricostruiamo il Grizzly"},"content":{"rendered":"<p><a href=\"https:\/\/www.marinadellabella.it\/wp-content\/uploads\/2014\/10\/Grizzly.jpg\"><img loading=\"lazy\" decoding=\"async\" class=\"alignleft  wp-image-3937\" src=\"https:\/\/www.marinadellabella.it\/wp-content\/uploads\/2014\/10\/Grizzly.jpg\" alt=\"Grizzly\" width=\"299\" height=\"199\" \/><\/a>Ieri sera mia figlia torna a casa e dice: ci hanno distrutto il Grizzly; bruciato, allagato, spaccato. Lei sapeva di fuliggine come avesse risalito un camino, stamattina ha lasciato un&#8217;impronta nera sul letto.<br \/>\nIl <a href=\"https:\/\/www.facebook.com\/KollettivoClandestino\">Grizzly<\/a> \u00e8 uno spazio sociale autogestito, nato a Fano il primo maggio per volont\u00e0 di un gruppo di giovani che ha recuperato una struttura abbandonata. Tanto lavoro e in poco tempo tante iniziative di informazione e sostegno concreto, sociale e culturale: dall&#8217;emergenza abitativa locale alla Palestina, dal Tav all&#8217;editoria indipendente. E le cene di sostentamento. E l&#8217;orto lavorato con metodi naturali, con la contentezza per la prima insalata o per la zucca gialla. E i racconti esilaranti degli eserciti di lumache da trasferire con spedizioni gentili un po&#8217; pi\u00f9 lontano.<br \/>\nPoi, finalmente, sono arrivati anche i libri: una piccola raccolta a disposizione di tutti.<br \/>\nSono entrati dal retro come ladri, nella notte tra sabato e domenica. Hanno bruciato i libri, spaccato le tubature, incenerito e allagato. Hanno lasciato per ricordo una svastica e una sola parola: dux.<br \/>\nOra bisogna rifare il Grizzly pi\u00f9 bello e pi\u00f9 animato di prima, senza disperdere le energie in analisi che servono a poco. Quello che conta \u00e8 che la comunit\u00e0 risponda sostenendo la ricostruzione. Chiunque mi conosca e, anche da lontano, voglia in qualche modo contribuire, pu\u00f2 rivolgersi a me (all&#8217;indirizzo info@marinadellabella.it). Ricever\u00e0 tutte le informazioni che servono.<br \/>\nSono sicura che, partecipando in tanti, a breve ci incontreremo per una bellissima festa.<\/p>\n","protected":false},"excerpt":{"rendered":"<p>Ieri sera mia figlia torna a casa e dice: ci hanno distrutto il Grizzly; bruciato, allagato, spaccato. Lei sapeva di fuliggine come avesse risalito un camino, stamattina ha lasciato un&#8217;impronta nera sul letto. Il Grizzly \u00e8 uno spazio sociale autogestito, &hellip; <a href=\"https:\/\/www.marinadellabella.it\/?p=3936\">Continua a leggere<span class=\"meta-nav\">&rarr;<\/span><\/a><\/p>\n","protected":false},"author":1,"featured_media":0,"comment_status":"open","ping_status":"open","sticky":false,"template":"","format":"standard","meta":{"footnotes":""},"categories":[1],"tags":[331],"class_list":["post-3936","post","type-post","status-publish","format-standard","hentry","category-uncategorized","tag-grizzly-spazio-sociale-autogestito"],"_links":{"self":[{"href":"https:\/\/www.marinadellabella.it\/index.php?rest_route=\/wp\/v2\/posts\/3936","targetHints":{"allow":["GET"]}}],"collection":[{"href":"https:\/\/www.marinadellabella.it\/index.php?rest_route=\/wp\/v2\/posts"}],"about":[{"href":"https:\/\/www.marinadellabella.it\/index.php?rest_route=\/wp\/v2\/types\/post"}],"author":[{"embeddable":true,"href":"https:\/\/www.marinadellabella.it\/index.php?rest_route=\/wp\/v2\/users\/1"}],"replies":[{"embeddable":true,"href":"https:\/\/www.marinadellabella.it\/index.php?rest_route=%2Fwp%2Fv2%2Fcomments&post=3936"}],"version-history":[{"count":1,"href":"https:\/\/www.marinadellabella.it\/index.php?rest_route=\/wp\/v2\/posts\/3936\/revisions"}],"predecessor-version":[{"id":3938,"href":"https:\/\/www.marinadellabella.it\/index.php?rest_route=\/wp\/v2\/posts\/3936\/revisions\/3938"}],"wp:attachment":[{"href":"https:\/\/www.marinadellabella.it\/index.php?rest_route=%2Fwp%2Fv2%2Fmedia&parent=3936"}],"wp:term":[{"taxonomy":"category","embeddable":true,"href":"https:\/\/www.marinadellabella.it\/index.php?rest_route=%2Fwp%2Fv2%2Fcategories&post=3936"},{"taxonomy":"post_tag","embeddable":true,"href":"https:\/\/www.marinadellabella.it\/index.php?rest_route=%2Fwp%2Fv2%2Ftags&post=3936"}],"curies":[{"name":"wp","href":"https:\/\/api.w.org\/{rel}","templated":true}]}}