{"id":3962,"date":"2014-12-26T12:28:24","date_gmt":"2014-12-26T11:28:24","guid":{"rendered":"http:\/\/www.marinadellabella.it\/?p=3962"},"modified":"2014-12-26T12:28:24","modified_gmt":"2014-12-26T11:28:24","slug":"giovinezza-giovinezza-2","status":"publish","type":"post","link":"https:\/\/www.marinadellabella.it\/?p=3962","title":{"rendered":"Giovinezza, giovinezza"},"content":{"rendered":"<p><a href=\"https:\/\/www.marinadellabella.it\/wp-content\/uploads\/2014\/12\/Renzi-Boschi-Poletti1.jpg\"><img loading=\"lazy\" decoding=\"async\" class=\"alignleft  wp-image-3964\" src=\"https:\/\/www.marinadellabella.it\/wp-content\/uploads\/2014\/12\/Renzi-Boschi-Poletti1-300x156.jpg\" alt=\"Renzi Boschi Poletti\" width=\"285\" height=\"148\" srcset=\"https:\/\/www.marinadellabella.it\/wp-content\/uploads\/2014\/12\/Renzi-Boschi-Poletti1-300x156.jpg 300w, https:\/\/www.marinadellabella.it\/wp-content\/uploads\/2014\/12\/Renzi-Boschi-Poletti1.jpg 311w\" sizes=\"auto, (max-width: 285px) 100vw, 285px\" \/><\/a>Una classe politica incapace e disonesta, schierata per proprio interesse con i potentati economico-finanziari, non pu\u00f2 che produrre odio sociale.<br \/>\nIl livello di guardia, gi\u00e0 alto, \u00e8 destinato a crescere con le ripetute aggressioni ai sistemi di partecipazione e di rappresentanza, di garanzia dei diritti fondamentali e dei beni necessari per la sopravvivenza.<br \/>\nIl Presidente del Consiglio e i suoi collaboratori, privi di sostanziale legittimazione democratica ma sostenuti dalla parte pi\u00f9 corrotta e deviata del paese, avanzano con passo marziale smorzato nei toni da operetta di un sistema mediatico asservito. Il loro attacco \u00e8 veloce e concentrico, incurante di qualsiasi confronto, offensivo e dannoso per milioni di persone.<br \/>\nSacrifici e privazioni aumentano insieme al debito pubblico e nessuno si presenta come vero responsabile degli uni e dell&#8217;altro. Pare che gli uni e l&#8217;altro, senza storia, piovano dal cielo insieme ai cambiamenti climatici e al dissesto idrogeologico, mentre va in onda la gloriosa interpretazione delle grandi opere, consegna diretta delle mafie alle mafie, in un circolo chiuso che ben rappresenta, in scala, l&#8217;intero sistema Italia.<br \/>\nIl racconto, la narrazione, lo storytelling: con quante belle parole ci parla il potere, insieme a quelle frange di apparente critica che di esso si sono nutrite e continuano a nutrirsi.<br \/>\nCos\u00ec ci viene consegnata una rappresentazione dei fatti sostanzialmente falsa, perch\u00e9 risulti digeribile anche agli stomaci pi\u00f9 esigenti. Come quell&#8217;irresistibile ascesa della giovinezza che buca lo schermo con trendy style, nuova retorica e assenza di rughe, nascondendo dietro camicie bianche e tubini, smartphone e sorrisi a denti sani, tutte le seconde file dei rottamabili-intoccabili (di quanti ossimori ha bisogno la finzione totale), per interessi indicibili di continuit\u00e0 e di affari.<br \/>\nQuesto \u00e8 il nuovo che avanza, distruggendo le conquiste di altre generazioni con ben altri valori. E&#8217; simbolico il fatto che, esattamente alla vigilia di Natale, i giovani al governo e le loro seconde file abbiano messo in un pacco dono i rottami dell&#8217;art. 18. Chi l&#8217;avr\u00e0 poi portato sotto l&#8217;albero di Confindustria e di tutti i poteri, visibili e invisibili? Chiss\u00e0, forse Renzi stesso, magari accompagnato da qualche giovane donna dal viso apparentemente innocente e dal sorriso suadente, in rappresentanza di quella nullit\u00e0 totale e insieme pericolosissima che li accomuna.<br \/>\nE mi domando: avranno almeno un&#8217;idea delle gravi conseguenze che le loro giovani decisioni produrranno in esseri umani di ogni et\u00e0 e di ogni condizione sociale? sapranno cosa significa vivere alla giornata, sotto il ricatto di un sistema che unisce padroni e istituzioni come non mai, in nome di un&#8217;irresponsabilit\u00e0 comune e crescente? sanno quegli italiani che oggi sostengono questo governo quale sar\u00e0 il prezzo altissimo che anche loro si troveranno a pagare? e sanno che quando se ne accorgeranno sar\u00e0 troppo tardi?<br \/>\nUna giovane cavalcata nelle praterie che si aprono al passo non \u00e8 un gioco da ragazzi ma una delega pericolosa a unire il massimo del vuoto al massimo del danno sociale. Prospettiva inquietante, come un certo passato che torna: g<em>iovinezza, giovinezza&#8230;<\/em><\/p>\n","protected":false},"excerpt":{"rendered":"<p>Una classe politica incapace e disonesta, schierata per proprio interesse con i potentati economico-finanziari, non pu\u00f2 che produrre odio sociale. Il livello di guardia, gi\u00e0 alto, \u00e8 destinato a crescere con le ripetute aggressioni ai sistemi di partecipazione e di &hellip; <a href=\"https:\/\/www.marinadellabella.it\/?p=3962\">Continua a leggere<span class=\"meta-nav\">&rarr;<\/span><\/a><\/p>\n","protected":false},"author":1,"featured_media":0,"comment_status":"open","ping_status":"open","sticky":false,"template":"","format":"standard","meta":{"footnotes":""},"categories":[10],"tags":[138,333],"class_list":["post-3962","post","type-post","status-publish","format-standard","hentry","category-politica","tag-art-18","tag-governo-renzi"],"_links":{"self":[{"href":"https:\/\/www.marinadellabella.it\/index.php?rest_route=\/wp\/v2\/posts\/3962","targetHints":{"allow":["GET"]}}],"collection":[{"href":"https:\/\/www.marinadellabella.it\/index.php?rest_route=\/wp\/v2\/posts"}],"about":[{"href":"https:\/\/www.marinadellabella.it\/index.php?rest_route=\/wp\/v2\/types\/post"}],"author":[{"embeddable":true,"href":"https:\/\/www.marinadellabella.it\/index.php?rest_route=\/wp\/v2\/users\/1"}],"replies":[{"embeddable":true,"href":"https:\/\/www.marinadellabella.it\/index.php?rest_route=%2Fwp%2Fv2%2Fcomments&post=3962"}],"version-history":[{"count":1,"href":"https:\/\/www.marinadellabella.it\/index.php?rest_route=\/wp\/v2\/posts\/3962\/revisions"}],"predecessor-version":[{"id":3965,"href":"https:\/\/www.marinadellabella.it\/index.php?rest_route=\/wp\/v2\/posts\/3962\/revisions\/3965"}],"wp:attachment":[{"href":"https:\/\/www.marinadellabella.it\/index.php?rest_route=%2Fwp%2Fv2%2Fmedia&parent=3962"}],"wp:term":[{"taxonomy":"category","embeddable":true,"href":"https:\/\/www.marinadellabella.it\/index.php?rest_route=%2Fwp%2Fv2%2Fcategories&post=3962"},{"taxonomy":"post_tag","embeddable":true,"href":"https:\/\/www.marinadellabella.it\/index.php?rest_route=%2Fwp%2Fv2%2Ftags&post=3962"}],"curies":[{"name":"wp","href":"https:\/\/api.w.org\/{rel}","templated":true}]}}