{"id":3967,"date":"2015-01-25T11:09:43","date_gmt":"2015-01-25T10:09:43","guid":{"rendered":"http:\/\/www.marinadellabella.it\/?p=3967"},"modified":"2015-01-25T11:09:43","modified_gmt":"2015-01-25T10:09:43","slug":"oggi-soffia-il-meltemi","status":"publish","type":"post","link":"https:\/\/www.marinadellabella.it\/?p=3967","title":{"rendered":"Oggi soffia il meltemi"},"content":{"rendered":"<p><a href=\"https:\/\/www.marinadellabella.it\/wp-content\/uploads\/2015\/01\/Syriza1.jpg\"><img loading=\"lazy\" decoding=\"async\" class=\"alignleft  wp-image-3969\" src=\"https:\/\/www.marinadellabella.it\/wp-content\/uploads\/2015\/01\/Syriza1.jpg\" alt=\"Syriza\" width=\"258\" height=\"172\" \/><\/a>Oggi soffia il meltemi, e soffia cos\u00ec forte che arriver\u00e0 anche sotto le nostre finestre e le spalancher\u00e0. Non ne avremo merito, no. Non c&#8217;\u00e8 merito nell&#8217;aver disperso, in Italia, un patrimonio ideale di libert\u00e0, uguaglianza e solidariet\u00e0 appartenuto a generazioni spazzate via da altro vento, da altre scellerate divisioni e pochezze. Questo va detto chiaro, per dissociarsi dalla disonesta pretesa di attaccarsi, in Italia, a ben altre esperienze di radicamento sociale (Syriza in Grecia, Podemos in Spagna) per sfruttarle senza alcuna fatica e magari poi per disperderle, cos\u00ec come sempre hanno fatto le nomenclature di varie e sedicenti sinistre.<br \/>\nOggi soffia il meltemi, e mi riporta tutto quello che la Grecia mi ha dato: un sentimento struggente di umanit\u00e0 e natura, in angoli sperduti di paesaggi e persone dai confini inesistenti; una patria del cuore, che sposta continuamente il suo orizzonte dietro vele tesissime; tanta vita e scrittura, dai piccoli villaggi di montagna fino al mare, tra schegge di pietra dimenticate e il grande cemento ateniese; e poi poeti, pescatori, bevitori di ouzo. Vasileos. Amore e passione civile. Una razza una faccia. Il passato dei colonnelli e la prima traversata. La strage di Kalavrita sotto il cielo azzurro, quanta morte impossibile.<br \/>\nOggi soffia il meltemi, e ancora una vota mi sento in debito. Aspetto che la finestra si spalanchi e alzi un mulinello allegro, di balli e canti per il nostro futuro.<br \/>\n<span class=\"vvqbox vvqyoutube\" style=\"width:325px;height:244px;\"><span id=\"vvq-3967-youtube-1\"><a href=\"http:\/\/www.youtube.com\/watch?v=Fvs6YIfqbos\"><img decoding=\"async\" src=\"http:\/\/img.youtube.com\/vi\/Fvs6YIfqbos\/0.jpg\" alt=\"Immagine anteprima YouTube\" \/><\/a><\/span><\/span><\/p>\n","protected":false},"excerpt":{"rendered":"<p>Oggi soffia il meltemi, e soffia cos\u00ec forte che arriver\u00e0 anche sotto le nostre finestre e le spalancher\u00e0. Non ne avremo merito, no. Non c&#8217;\u00e8 merito nell&#8217;aver disperso, in Italia, un patrimonio ideale di libert\u00e0, uguaglianza e solidariet\u00e0 appartenuto a &hellip; <a href=\"https:\/\/www.marinadellabella.it\/?p=3967\">Continua a leggere<span class=\"meta-nav\">&rarr;<\/span><\/a><\/p>\n","protected":false},"author":1,"featured_media":0,"comment_status":"open","ping_status":"open","sticky":false,"template":"","format":"standard","meta":{"footnotes":""},"categories":[71],"tags":[282],"class_list":["post-3967","post","type-post","status-publish","format-standard","hentry","category-grecia","tag-syriza"],"_links":{"self":[{"href":"https:\/\/www.marinadellabella.it\/index.php?rest_route=\/wp\/v2\/posts\/3967","targetHints":{"allow":["GET"]}}],"collection":[{"href":"https:\/\/www.marinadellabella.it\/index.php?rest_route=\/wp\/v2\/posts"}],"about":[{"href":"https:\/\/www.marinadellabella.it\/index.php?rest_route=\/wp\/v2\/types\/post"}],"author":[{"embeddable":true,"href":"https:\/\/www.marinadellabella.it\/index.php?rest_route=\/wp\/v2\/users\/1"}],"replies":[{"embeddable":true,"href":"https:\/\/www.marinadellabella.it\/index.php?rest_route=%2Fwp%2Fv2%2Fcomments&post=3967"}],"version-history":[{"count":1,"href":"https:\/\/www.marinadellabella.it\/index.php?rest_route=\/wp\/v2\/posts\/3967\/revisions"}],"predecessor-version":[{"id":3971,"href":"https:\/\/www.marinadellabella.it\/index.php?rest_route=\/wp\/v2\/posts\/3967\/revisions\/3971"}],"wp:attachment":[{"href":"https:\/\/www.marinadellabella.it\/index.php?rest_route=%2Fwp%2Fv2%2Fmedia&parent=3967"}],"wp:term":[{"taxonomy":"category","embeddable":true,"href":"https:\/\/www.marinadellabella.it\/index.php?rest_route=%2Fwp%2Fv2%2Fcategories&post=3967"},{"taxonomy":"post_tag","embeddable":true,"href":"https:\/\/www.marinadellabella.it\/index.php?rest_route=%2Fwp%2Fv2%2Ftags&post=3967"}],"curies":[{"name":"wp","href":"https:\/\/api.w.org\/{rel}","templated":true}]}}