{"id":3975,"date":"2015-02-15T10:52:13","date_gmt":"2015-02-15T09:52:13","guid":{"rendered":"http:\/\/www.marinadellabella.it\/?p=3975"},"modified":"2015-02-15T10:52:13","modified_gmt":"2015-02-15T09:52:13","slug":"dario-bellezza","status":"publish","type":"post","link":"https:\/\/www.marinadellabella.it\/?p=3975","title":{"rendered":"Dario Bellezza"},"content":{"rendered":"<p><a href=\"https:\/\/www.marinadellabella.it\/wp-content\/uploads\/2015\/02\/DarioBellezza_TutteLePoesie2.jpg\"><img loading=\"lazy\" decoding=\"async\" class=\"alignleft  wp-image-3979\" src=\"https:\/\/www.marinadellabella.it\/wp-content\/uploads\/2015\/02\/DarioBellezza_TutteLePoesie2.jpg\" alt=\"DarioBellezza_TutteLePoesie\" width=\"175\" height=\"271\" \/><\/a>Ho conosciuto Dario Bellezza a Urbino, dopo un suo incontro pubblico burrascoso con gli studenti della facolt\u00e0 di filosofia. Si era ritirato in una stanza dove chi me lo present\u00f2 gli spieg\u00f2 che stava per uscire una mia ricerca sull&#8217;influenza dell&#8217;immaginario di Jean Genet nei suoi testi. Lui, miracolosamente placato, mi disse che non aveva mai rilasciato un&#8217;intervista lunga e che se volevo potevo fargliela per poi pubblicarla nel libro. Quella proposta inaspettata mi spiazz\u00f2. Pensavo che dagli scrittori studiati si dovesse mantenere una distanza di sicurezza e che inserire un&#8217;intervista in una ricerca universitaria fosse poco rigoroso. Inoltre non ero giornalista e non avevo mai intervistato nessuno.<br \/>\nQuell&#8217;intervista poi si fece, pi\u00f9 per istinto che per volont\u00e0, e rimase l&#8217;unica della mia vita. Andai a Roma il 4 ottobre del 1989, in un pomeriggio dai colori dorati che presto si trasform\u00f2 in tramonto. Dario viveva in via dei Pettinari in un&#8217;abitazione fatiscente. Sulle scale incrociai un ragazzo che correndo fuori le fece tremare. In casa interruppi una conversazione con un borgataro sui veri responsabili dell&#8217;omicidio di Pasolini, che poi continu\u00f2 come se niente fosse. In cucina bevvi acqua nell&#8217;unica tazza rimasta e poi l&#8217;intervista cominci\u00f2, su un divano coperto da un telo. L\u00ec tutto era povero, tranne la forza messa in quella lunga conversazione, anche nei passaggi pi\u00f9 delicati, anche nei cali d&#8217;umore.<br \/>\nOggi restano quattordici pagine finite in fondo a un libro quasi introvabile e una registrazione audio che ho soltanto io. E che ancora mi imbarazza, per certe mie ingenuit\u00e0 anche critiche e per una domanda che mai gli avrei fatto se solo avessi saputo, allora, della\u00a0 sua malattia.<br \/>\nNegli anni seguenti Dario divent\u00f2 un frequentatore dei salotti televisivi, violando l&#8217;autosufficienza della sua opera con l&#8217;esposizione della sua persona e delle note vicende dei suoi ultimi anni di vita. Su tutto questo non ho nulla da dire, per rispetto e distanza dalle sue scelte. So per\u00f2 che nessuna delle sue uscite pubbliche \u00e8 minimamente paragonabile con quanto mi \u00e8 rimasto di quel pomeriggio romano, cos\u00ec segreto e cos\u00ec unico.<br \/>\nOggi, dopo lunga disattenzione editoriale, esce la sua opera poetica completa, a cura di Roberto Deidier. E&#8217; un corpus che riaffiora ormai lontano dalle chiacchiere inutili, una rivincita del testo contro ogni oblio e distrazione.<\/p>\n","protected":false},"excerpt":{"rendered":"<p>Ho conosciuto Dario Bellezza a Urbino, dopo un suo incontro pubblico burrascoso con gli studenti della facolt\u00e0 di filosofia. Si era ritirato in una stanza dove chi me lo present\u00f2 gli spieg\u00f2 che stava per uscire una mia ricerca sull&#8217;influenza &hellip; <a href=\"https:\/\/www.marinadellabella.it\/?p=3975\">Continua a leggere<span class=\"meta-nav\">&rarr;<\/span><\/a><\/p>\n","protected":false},"author":1,"featured_media":0,"comment_status":"open","ping_status":"open","sticky":false,"template":"","format":"standard","meta":{"footnotes":""},"categories":[13],"tags":[337,17,338],"class_list":["post-3975","post","type-post","status-publish","format-standard","hentry","category-letteratura","tag-dario-bellezza","tag-poesia","tag-roberto-deidier"],"_links":{"self":[{"href":"https:\/\/www.marinadellabella.it\/index.php?rest_route=\/wp\/v2\/posts\/3975","targetHints":{"allow":["GET"]}}],"collection":[{"href":"https:\/\/www.marinadellabella.it\/index.php?rest_route=\/wp\/v2\/posts"}],"about":[{"href":"https:\/\/www.marinadellabella.it\/index.php?rest_route=\/wp\/v2\/types\/post"}],"author":[{"embeddable":true,"href":"https:\/\/www.marinadellabella.it\/index.php?rest_route=\/wp\/v2\/users\/1"}],"replies":[{"embeddable":true,"href":"https:\/\/www.marinadellabella.it\/index.php?rest_route=%2Fwp%2Fv2%2Fcomments&post=3975"}],"version-history":[{"count":1,"href":"https:\/\/www.marinadellabella.it\/index.php?rest_route=\/wp\/v2\/posts\/3975\/revisions"}],"predecessor-version":[{"id":3980,"href":"https:\/\/www.marinadellabella.it\/index.php?rest_route=\/wp\/v2\/posts\/3975\/revisions\/3980"}],"wp:attachment":[{"href":"https:\/\/www.marinadellabella.it\/index.php?rest_route=%2Fwp%2Fv2%2Fmedia&parent=3975"}],"wp:term":[{"taxonomy":"category","embeddable":true,"href":"https:\/\/www.marinadellabella.it\/index.php?rest_route=%2Fwp%2Fv2%2Fcategories&post=3975"},{"taxonomy":"post_tag","embeddable":true,"href":"https:\/\/www.marinadellabella.it\/index.php?rest_route=%2Fwp%2Fv2%2Ftags&post=3975"}],"curies":[{"name":"wp","href":"https:\/\/api.w.org\/{rel}","templated":true}]}}