{"id":4029,"date":"2015-09-12T12:33:12","date_gmt":"2015-09-12T11:33:12","guid":{"rendered":"http:\/\/www.marinadellabella.it\/?p=4029"},"modified":"2015-09-12T12:33:12","modified_gmt":"2015-09-12T11:33:12","slug":"ripubblicare-cesar-vallejo","status":"publish","type":"post","link":"https:\/\/www.marinadellabella.it\/?p=4029","title":{"rendered":"Ripubblicare C\u00e9sar Vallejo"},"content":{"rendered":"<p><a href=\"https:\/\/www.marinadellabella.it\/wp-content\/uploads\/2015\/09\/Ce\u0301sarVallejo.jpg\"><img loading=\"lazy\" decoding=\"async\" class=\"alignleft  wp-image-4030\" src=\"https:\/\/www.marinadellabella.it\/wp-content\/uploads\/2015\/09\/Ce\u0301sarVallejo.jpg\" alt=\"Ce\u0301sarVallejo\" width=\"220\" height=\"245\" \/><\/a>Ci sono desideri che emergono all&#8217;improvviso e poi prendono forza per via di coincidenze. Come quello mio di questi giorni, che si ripubblichi l&#8217;opera poetica di <a href=\"https:\/\/it.wikipedia.org\/wiki\/C%C3%A9sar_Vallejo\">C\u00e9sar Vallejo<\/a>.<br \/>\nNemmeno una settimana fa giravo con un libricino in tasca da titolo <em>Pietra nera e altre poesie<\/em>, prezioso come le scelte editoriali di <a href=\"http:\/\/www.viadelvento.it\/\">Via del Vento<\/a>, minuscola casa editrice pistoiese. Cosa pu\u00f2 uscire da una miniatura cos\u00ec non si descrive.<br \/>\nQuella di Vallejo \u00e8, ancora e soprattutto oggi, una voce poetica originale e modernissima, che si sprigiona dal testo per farsi parte viva e altra rispetto alle scritture che circolano, in passerella nei festival delle vacuit\u00e0, cos\u00ec poco letterari ma cos\u00ec tanto di moda.<br \/>\nCercando di procurarmi l&#8217;<a href=\"http:\/\/www.ibs.it\/code\/9788889605509\/vallejo-cesar\/opera-poetica-gli.html\">opera poetica completa<\/a>, mi sono accorta che \u00e8 introvabile anche l&#8217;ultima, coraggiosa edizione di circa ottocento pagine della casa editrice Gor\u00e9e del 2008. Cos\u00ec va in Italia.<br \/>\nTre giorni fa incontro per caso un piccolo editore. Gli racconto del mio desiderio e mi accorgo che gli ridono gli occhi: anche lui aveva cercato ovunque, da comprare per s\u00e9, un&#8217;edizione italiana di tutte le poesie di Vallejo. Naturalmente senza risultato. A saperlo avrei risparmiato tempo, gli dico. Del resto, in Italia la grande editoria, cio\u00e8 quella che ha pi\u00f9 mezzi, sta scavando la fossa non soltanto ai poeti viventi ma anche a quelli classici. A breve le collane storiche saranno un binario morto, una cella frigorifera di diritti da scongelare per qualche rara cessione all&#8217;estero.<br \/>\nIeri sera, dopo aver visto <a href=\"https:\/\/it.wikipedia.org\/wiki\/Il_vento_fa_il_suo_giro\">Il vento fa il suo giro<\/a>, un bellissimo film del 2005 di Giorgio Diritti (il festival del cinema di Venezia a me fa quest&#8217;effetto, mi spinge verso film di dieci anni fa), ho scorso i titoli di coda per sapere di chi fossero alcuni versi letti verso la fine. E mi ritrovo Vallejo anche l\u00ec , con la sua poesia dal titolo <em>Masa.<\/em><br \/>\nIncontri, casualit\u00e0? Credo piuttosto che scorra ovunque una vita primaria, fatta di persone e culture autentiche, e poi una vita secondaria interpretata da pericolosi replicanti. Se la guerra dei secondi contro i primi \u00e8 iniziata da tempo, cosa aspettiamo a ripubblicare Vallejo?<\/p>\n","protected":false},"excerpt":{"rendered":"<p>Ci sono desideri che emergono all&#8217;improvviso e poi prendono forza per via di coincidenze. Come quello mio di questi giorni, che si ripubblichi l&#8217;opera poetica di C\u00e9sar Vallejo. Nemmeno una settimana fa giravo con un libricino in tasca da titolo &hellip; <a href=\"https:\/\/www.marinadellabella.it\/?p=4029\">Continua a leggere<span class=\"meta-nav\">&rarr;<\/span><\/a><\/p>\n","protected":false},"author":1,"featured_media":0,"comment_status":"open","ping_status":"open","sticky":false,"template":"","format":"standard","meta":{"footnotes":""},"categories":[11,13],"tags":[347,351,349,350,352,17,348],"class_list":["post-4029","post","type-post","status-publish","format-standard","hentry","category-cinema","category-letteratura","tag-cesar-vallejo","tag-giorgio-diritti","tag-goree","tag-il-vento-fa-il-suo-giro","tag-masa","tag-poesia","tag-via-del-vento"],"_links":{"self":[{"href":"https:\/\/www.marinadellabella.it\/index.php?rest_route=\/wp\/v2\/posts\/4029","targetHints":{"allow":["GET"]}}],"collection":[{"href":"https:\/\/www.marinadellabella.it\/index.php?rest_route=\/wp\/v2\/posts"}],"about":[{"href":"https:\/\/www.marinadellabella.it\/index.php?rest_route=\/wp\/v2\/types\/post"}],"author":[{"embeddable":true,"href":"https:\/\/www.marinadellabella.it\/index.php?rest_route=\/wp\/v2\/users\/1"}],"replies":[{"embeddable":true,"href":"https:\/\/www.marinadellabella.it\/index.php?rest_route=%2Fwp%2Fv2%2Fcomments&post=4029"}],"version-history":[{"count":1,"href":"https:\/\/www.marinadellabella.it\/index.php?rest_route=\/wp\/v2\/posts\/4029\/revisions"}],"predecessor-version":[{"id":4031,"href":"https:\/\/www.marinadellabella.it\/index.php?rest_route=\/wp\/v2\/posts\/4029\/revisions\/4031"}],"wp:attachment":[{"href":"https:\/\/www.marinadellabella.it\/index.php?rest_route=%2Fwp%2Fv2%2Fmedia&parent=4029"}],"wp:term":[{"taxonomy":"category","embeddable":true,"href":"https:\/\/www.marinadellabella.it\/index.php?rest_route=%2Fwp%2Fv2%2Fcategories&post=4029"},{"taxonomy":"post_tag","embeddable":true,"href":"https:\/\/www.marinadellabella.it\/index.php?rest_route=%2Fwp%2Fv2%2Ftags&post=4029"}],"curies":[{"name":"wp","href":"https:\/\/api.w.org\/{rel}","templated":true}]}}