{"id":4056,"date":"2015-10-19T11:52:09","date_gmt":"2015-10-19T10:52:09","guid":{"rendered":"http:\/\/www.marinadellabella.it\/?p=4056"},"modified":"2015-10-19T11:53:13","modified_gmt":"2015-10-19T10:53:13","slug":"grazie-a-erri-de-luca","status":"publish","type":"post","link":"https:\/\/www.marinadellabella.it\/?p=4056","title":{"rendered":"Grazie a Erri De Luca"},"content":{"rendered":"<p><img loading=\"lazy\" decoding=\"async\" class=\"\" src=\"http:\/\/www.repstatic.it\/content\/localirep\/img\/rep-torino\/2015\/10\/19\/111225566-931ccf8a-5b97-45f8-b1bd-e50610a84c2a.jpg\" alt=\"{}\" width=\"635\" height=\"510\" data-src=\"http:\/\/www.repstatic.it\/content\/localirep\/img\/rep-torino\/2015\/10\/19\/111225566-931ccf8a-5b97-45f8-b1bd-e50610a84c2a.jpg\" \/><\/p>\n<p>Questo \u00e8 l&#8217;intervento di Erri De Luca pronunciato oggi in tribunale in difesa non di se stesso ma della libert\u00e0 di tutti. Non sappiamo ancora quale sar\u00e0 la sentenza ma una cosa \u00e8 certa: nel suo particolare leggeremo, pi\u00f9 in generale, la misura di una democrazia. In Italia tira una brutta aria di restaurazione, ancora pi\u00f9 pericolosa quando \u00e8 meno esplicita. Anche per questo ringrazio Erri De Luca, e insieme a lui tutti quelli che difendono la realt\u00e0 dalla mistificazione e la giustizia dalla sopraffazione.<\/p>\n","protected":false},"excerpt":{"rendered":"<p>Questo \u00e8 l&#8217;intervento di Erri De Luca pronunciato oggi in tribunale in difesa non di se stesso ma della libert\u00e0 di tutti. Non sappiamo ancora quale sar\u00e0 la sentenza ma una cosa \u00e8 certa: nel suo particolare leggeremo, pi\u00f9 in &hellip; <a href=\"https:\/\/www.marinadellabella.it\/?p=4056\">Continua a leggere<span class=\"meta-nav\">&rarr;<\/span><\/a><\/p>\n","protected":false},"author":1,"featured_media":0,"comment_status":"open","ping_status":"open","sticky":false,"template":"","format":"standard","meta":{"footnotes":""},"categories":[18,44,77],"tags":[259,19],"class_list":["post-4056","post","type-post","status-publish","format-standard","hentry","category-democrazia","category-giustizia","category-no-tav","tag-erri-de-luca","tag-liberta"],"_links":{"self":[{"href":"https:\/\/www.marinadellabella.it\/index.php?rest_route=\/wp\/v2\/posts\/4056","targetHints":{"allow":["GET"]}}],"collection":[{"href":"https:\/\/www.marinadellabella.it\/index.php?rest_route=\/wp\/v2\/posts"}],"about":[{"href":"https:\/\/www.marinadellabella.it\/index.php?rest_route=\/wp\/v2\/types\/post"}],"author":[{"embeddable":true,"href":"https:\/\/www.marinadellabella.it\/index.php?rest_route=\/wp\/v2\/users\/1"}],"replies":[{"embeddable":true,"href":"https:\/\/www.marinadellabella.it\/index.php?rest_route=%2Fwp%2Fv2%2Fcomments&post=4056"}],"version-history":[{"count":2,"href":"https:\/\/www.marinadellabella.it\/index.php?rest_route=\/wp\/v2\/posts\/4056\/revisions"}],"predecessor-version":[{"id":4058,"href":"https:\/\/www.marinadellabella.it\/index.php?rest_route=\/wp\/v2\/posts\/4056\/revisions\/4058"}],"wp:attachment":[{"href":"https:\/\/www.marinadellabella.it\/index.php?rest_route=%2Fwp%2Fv2%2Fmedia&parent=4056"}],"wp:term":[{"taxonomy":"category","embeddable":true,"href":"https:\/\/www.marinadellabella.it\/index.php?rest_route=%2Fwp%2Fv2%2Fcategories&post=4056"},{"taxonomy":"post_tag","embeddable":true,"href":"https:\/\/www.marinadellabella.it\/index.php?rest_route=%2Fwp%2Fv2%2Ftags&post=4056"}],"curies":[{"name":"wp","href":"https:\/\/api.w.org\/{rel}","templated":true}]}}