{"id":4080,"date":"2018-02-18T10:44:13","date_gmt":"2018-02-18T09:44:13","guid":{"rendered":"http:\/\/www.marinadellabella.it\/?p=4080"},"modified":"2018-02-18T12:13:05","modified_gmt":"2018-02-18T11:13:05","slug":"intanto","status":"publish","type":"post","link":"https:\/\/www.marinadellabella.it\/?p=4080","title":{"rendered":"Intanto"},"content":{"rendered":"<p><img loading=\"lazy\" decoding=\"async\" class=\"alignleft wp-image-4081\" src=\"https:\/\/www.marinadellabella.it\/wp-content\/uploads\/2018\/02\/Giardinetto.jpg\" alt=\"Giardinetto\" width=\"247\" height=\"173\" \/>Da un paio d\u2019anni sono assente da questo blog. Sono successe varie cose e riassumerle non \u00e8 facile. In sintesi, tanto lavoro su tutti i fronti e tanta rielaborazione degli anni vissuti. Riflettere su quello che si \u00e8 fatto e sul suo senso \u00e8 periodicamente necessario. Cos\u00ec ho eseguito il compito con diligenza, organizzando mentalmente in un disegno compiuto tutto quel fare senza pensare che \u00e8 tipico del quotidiano di tanti. Poi si riprende, senz&#8217;altro pi\u00f9 ricchi di prima.<br \/>\nIntanto un piccolo giardino selvatico si \u00e8 trasformato con erbe aromatiche, gelsomino e perfino rose; la coniglietta Bianca ormai lo sente suo, con conseguenze immaginabili; mia figlia mi ha fatto scoprire il cinema di animazione poetica; mio marito sta per terminare una lunga sceneggiatura; fra qualche mese la casa editrice <a href=\"http:\/\/www.oedipus.it\/\">O\u00e8dipus<\/a> pubblicher\u00e0 il mio <em>Requiem per una giraffa<\/em>; a breve concluder\u00f2 un <em>memoir<\/em> a cui lavoro, guarda caso, esattamente da due anni.<br \/>\nIntanto il mondo va sempre peggio e la campagna elettorale italiana pure, con contenuti che mai avrei immaginato. Per fortuna in giro si scoprono esperienze preziose di cui pochi parlano. Quando le penso mi torna la speranza.<\/p>\n","protected":false},"excerpt":{"rendered":"<p>Da un paio d\u2019anni sono assente da questo blog. Sono successe varie cose e riassumerle non \u00e8 facile. In sintesi, tanto lavoro su tutti i fronti e tanta rielaborazione degli anni vissuti. Riflettere su quello che si \u00e8 fatto e &hellip; <a href=\"https:\/\/www.marinadellabella.it\/?p=4080\">Continua a leggere<span class=\"meta-nav\">&rarr;<\/span><\/a><\/p>\n","protected":false},"author":1,"featured_media":0,"comment_status":"open","ping_status":"open","sticky":false,"template":"","format":"standard","meta":{"footnotes":""},"categories":[1],"tags":[287,17],"class_list":["post-4080","post","type-post","status-publish","format-standard","hentry","category-uncategorized","tag-editoria","tag-poesia"],"_links":{"self":[{"href":"https:\/\/www.marinadellabella.it\/index.php?rest_route=\/wp\/v2\/posts\/4080","targetHints":{"allow":["GET"]}}],"collection":[{"href":"https:\/\/www.marinadellabella.it\/index.php?rest_route=\/wp\/v2\/posts"}],"about":[{"href":"https:\/\/www.marinadellabella.it\/index.php?rest_route=\/wp\/v2\/types\/post"}],"author":[{"embeddable":true,"href":"https:\/\/www.marinadellabella.it\/index.php?rest_route=\/wp\/v2\/users\/1"}],"replies":[{"embeddable":true,"href":"https:\/\/www.marinadellabella.it\/index.php?rest_route=%2Fwp%2Fv2%2Fcomments&post=4080"}],"version-history":[{"count":1,"href":"https:\/\/www.marinadellabella.it\/index.php?rest_route=\/wp\/v2\/posts\/4080\/revisions"}],"predecessor-version":[{"id":4082,"href":"https:\/\/www.marinadellabella.it\/index.php?rest_route=\/wp\/v2\/posts\/4080\/revisions\/4082"}],"wp:attachment":[{"href":"https:\/\/www.marinadellabella.it\/index.php?rest_route=%2Fwp%2Fv2%2Fmedia&parent=4080"}],"wp:term":[{"taxonomy":"category","embeddable":true,"href":"https:\/\/www.marinadellabella.it\/index.php?rest_route=%2Fwp%2Fv2%2Fcategories&post=4080"},{"taxonomy":"post_tag","embeddable":true,"href":"https:\/\/www.marinadellabella.it\/index.php?rest_route=%2Fwp%2Fv2%2Ftags&post=4080"}],"curies":[{"name":"wp","href":"https:\/\/api.w.org\/{rel}","templated":true}]}}