{"id":437,"date":"2011-03-13T20:00:45","date_gmt":"2011-03-13T19:00:45","guid":{"rendered":"http:\/\/www.marinadellabella.it\/?p=437"},"modified":"2011-03-13T20:09:02","modified_gmt":"2011-03-13T19:09:02","slug":"i-non-rappresentati","status":"publish","type":"post","link":"https:\/\/www.marinadellabella.it\/?p=437","title":{"rendered":"I non rappresentati"},"content":{"rendered":"<span class=\"vvqbox vvqyoutube\" style=\"width:212px;height:172px;\"><span id=\"vvq-437-youtube-1\"><a href=\"http:\/\/www.youtube.com\/watch?v=glkTwcyESqM\"><img decoding=\"async\" src=\"http:\/\/img.youtube.com\/vi\/glkTwcyESqM\/0.jpg\" alt=\"Immagine anteprima YouTube\" \/><\/a><\/span><\/span>\n<p style=\"text-align: justify;\">La sovranit\u00e0 appartiene al popolo, cos\u00ec dice la nostra Costituzione, e non a chi \u00e8 stato eletto con una legge tranello che impedisce di scegliere i propri rappresentanti. Oggi si arriva al paradosso che gli eletti scendano in piazza insieme a tanti cittadini per difendere una Costituzione del cui mancato rispetto sono uno degli esempi pi\u00f9 evidenti.<\/p>\n<p style=\"text-align: justify;\">Quegli eletti, poi, per gran parte inamovibili da poltrone pluridecennali prima di maggioranza e poi di opposizione inefficace e spesso collusa, hanno nel tempo svenduto parte del sistema pubblico di cui la scuola \u00e8 un cardine, e con essa tante conquiste che avevano le loro radici proprio nei principi costituzionali.<\/p>\n<p style=\"text-align: justify;\">Le loro gravi responsabilit\u00e0 non vanno mai dimenticate, neanche nell&#8217;attuale emergenza democratica, che invece richiederebbe una forte coesione e nessun distinguo.<\/p>\n<p style=\"text-align: justify;\">Invece distinguere \u00e8 necessario, soprattutto ora che le piazze tornano ad animarsi per un bisogno di futuro differente e non gattopardesco.<\/p>\n<p style=\"text-align: justify;\">Detto con parole pi\u00f9 esplicite, l&#8217;attuale classe politica \u00e8 impresentabile dovunque, in Parlamento come nelle piazze, non avendo l&#8217;integrit\u00e0 e la forza di rappresentare i valori costituzionali di questo paese.<\/p>\n<p style=\"text-align: justify;\">Quegli studenti che non si sentono rappresentati esprimono realismo e prudenza: c&#8217;\u00e8 da augurarsi che siano da esempio, per diffidare dei manifestanti di comodo e per fidarsi soltanto di chi vuole un vero cambiamento.<\/p>\n","protected":false},"excerpt":{"rendered":"<p>La sovranit\u00e0 appartiene al popolo, cos\u00ec dice la nostra Costituzione, e non a chi \u00e8 stato eletto con una legge tranello che impedisce di scegliere i propri rappresentanti. Oggi si arriva al paradosso che gli eletti scendano in piazza insieme &hellip; <a href=\"https:\/\/www.marinadellabella.it\/?p=437\">Continua a leggere<span class=\"meta-nav\">&rarr;<\/span><\/a><\/p>\n","protected":false},"author":1,"featured_media":0,"comment_status":"open","ping_status":"open","sticky":false,"template":"","format":"standard","meta":{"footnotes":""},"categories":[10],"tags":[34,36,35],"class_list":["post-437","post","type-post","status-publish","format-standard","hentry","category-politica","tag-costituzione","tag-manifestazione","tag-scuola"],"_links":{"self":[{"href":"https:\/\/www.marinadellabella.it\/index.php?rest_route=\/wp\/v2\/posts\/437","targetHints":{"allow":["GET"]}}],"collection":[{"href":"https:\/\/www.marinadellabella.it\/index.php?rest_route=\/wp\/v2\/posts"}],"about":[{"href":"https:\/\/www.marinadellabella.it\/index.php?rest_route=\/wp\/v2\/types\/post"}],"author":[{"embeddable":true,"href":"https:\/\/www.marinadellabella.it\/index.php?rest_route=\/wp\/v2\/users\/1"}],"replies":[{"embeddable":true,"href":"https:\/\/www.marinadellabella.it\/index.php?rest_route=%2Fwp%2Fv2%2Fcomments&post=437"}],"version-history":[{"count":7,"href":"https:\/\/www.marinadellabella.it\/index.php?rest_route=\/wp\/v2\/posts\/437\/revisions"}],"predecessor-version":[{"id":445,"href":"https:\/\/www.marinadellabella.it\/index.php?rest_route=\/wp\/v2\/posts\/437\/revisions\/445"}],"wp:attachment":[{"href":"https:\/\/www.marinadellabella.it\/index.php?rest_route=%2Fwp%2Fv2%2Fmedia&parent=437"}],"wp:term":[{"taxonomy":"category","embeddable":true,"href":"https:\/\/www.marinadellabella.it\/index.php?rest_route=%2Fwp%2Fv2%2Fcategories&post=437"},{"taxonomy":"post_tag","embeddable":true,"href":"https:\/\/www.marinadellabella.it\/index.php?rest_route=%2Fwp%2Fv2%2Ftags&post=437"}],"curies":[{"name":"wp","href":"https:\/\/api.w.org\/{rel}","templated":true}]}}