{"id":446,"date":"2011-03-14T11:54:57","date_gmt":"2011-03-14T10:54:57","guid":{"rendered":"http:\/\/www.marinadellabella.it\/?p=446"},"modified":"2011-03-14T12:12:21","modified_gmt":"2011-03-14T11:12:21","slug":"dove-tira-il-vento","status":"publish","type":"post","link":"https:\/\/www.marinadellabella.it\/?p=446","title":{"rendered":"Dove tira il vento"},"content":{"rendered":"<p style=\"text-align: justify;\"><a rel=\"attachment wp-att-453\" href=\"https:\/\/www.marinadellabella.it\/?attachment_id=453\"><img loading=\"lazy\" decoding=\"async\" class=\"alignleft size-full wp-image-453\" title=\"nucleare\" src=\"https:\/\/www.marinadellabella.it\/wp-content\/uploads\/2011\/03\/nucleare1-e1300100888593.jpg\" alt=\"\" width=\"120\" height=\"120\" \/><\/a>Se il Giappone pu\u00f2 esserci d&#8217;esempio nelle tecniche di costruzione antisismiche non lo pu\u00f2 essere per la scelta del nucleare. In queste ore arrivano notizie frammentarie, forse ridimensionate rispetto all&#8217;effettiva gravit\u00e0 della situazione, di esplosioni e danni riportati da alcune centrali a seguito delle violentissime scosse che si sono succedute negli ultimi giorni. La situazione non \u00e8 affatto sotto controllo e, come ai tempi di Cernobyl, ci si interroga sulla direzione del vento e delle piogge per sapere come e dove il fenomeno radioattivo si propagher\u00e0. Insomma, si \u00e8 di nuovo piombati nel fatalismo prescientifico e impotente contenuto nella domanda: e ora, oltre ai poveri giapponesi gi\u00e0 devastati da terremoto e tsunami, a chi toccher\u00e0? Agli americani e ai canadesi? E in che misura, con quali conseguenze per la salute?<\/p>\n<p style=\"text-align: justify;\">Nei giorni di Cernobyl non ero in Italia ma in paese un po&#8217; pi\u00f9 vicino al disastro, e ricordo perfettamente la disinformazione, la paura e anche le difficolt\u00e0 incontrate alle frontiere per il rientro. Ricordo soprattutto che allora, era il 1986, pensavo a quando si sarebbero potute manifestare le eventuali conseguenze su me per l&#8217;aria che avevo respirato e per le verdure fresche che avevo mangiato. L&#8217;essere toccata pi\u00f9 da vicino rafforz\u00f2 una cultura ambientalista e antinuclearista che avevo gi\u00e0, aggiungendovi un supplemento di prudenza verso tutto quello che, riguardando direttamente o indirettamente la salute, non fornisce prove pi\u00f9 che certe di innocuit\u00e0.<\/p>\n<p style=\"text-align: justify;\">Oggi, a distanza di tanti anni, rivivo quella paura che per\u00f2 si mescola a un&#8217;amarezza maggiore, per l&#8217;ottusit\u00e0 persistente di chi, a politiche energetiche e di riduzione dei consumi alternative ed ecologiche, persiste nella rimozione di esperienze gravemente dannose sostenendo con alibi debolissimi la realizzazione di altre centrali.<\/p>\n<p style=\"text-align: justify;\">Cos\u00ec va anche in Italia, dove si parla di programmare tredici centrali nonostante i cittadini abbiano votato contro il nucleare nel referendum del 1987. In Italia, dove si costruisce anche nelle aree di maggiore rischio e senza garanzie di sicurezza (tanto che i terremoti, molto meno intensi di quelli giapponesi, riescono a fare danni del tutto sproporzionati, poi affrontati con inerzie sostanziali e solerzie soltanto speculative), dove si strozza la ricerca nel campo delle energie alternative per ricorrere, a intermittenza, a qualche palliativo di facciata, appunto in Italia rispunta il nucleare, da difendere ad ogni costo anche da un referendum abrogativo, spostato dalle amministrative di maggio al mese successivo, nella speranza che i cittadini vi mettano minore attenzione.<\/p>\n<p style=\"text-align: justify;\">Il tutto nella disinformazione o nella cattiva informazione dei pi\u00f9, a cui si sta dicendo che il problema non \u00e8 nel nucleare in s\u00e9 ma nella generazione degli impianti: quelli giapponesi hanno dato problemi perch\u00e9 di vecchia generazione, mentre quelli italiani\u00a0 saranno di nuova e quindi non ne daranno.\u00a0 In realt\u00e0, le uniche generazioni di cui dovremmo discutere sono le nostre, attuali e future, periodicamente a rischio per interessi di lobby nucleariste.<\/p>\n<p style=\"text-align: justify;\">Mentre impotenti si aspetta di sapere dove tirer\u00e0 il vento del Giappone, si vorrebbe almeno che il vento italiano della politica e delle grandi decisioni torni presto ai cittadini, a difesa della loro vita e della loro salute.\u00a0 La parola &#8220;nucleare&#8221; suona ormai come una campana a morto: il 12 e 13 giugno, giorni\u00a0 del referendum, ricordiamoci di cancellarla definitivamente dal vocabolario, con un risultato schiacciante come lo fu nel 1987.<\/p>\n","protected":false},"excerpt":{"rendered":"<p>Se il Giappone pu\u00f2 esserci d&#8217;esempio nelle tecniche di costruzione antisismiche non lo pu\u00f2 essere per la scelta del nucleare. In queste ore arrivano notizie frammentarie, forse ridimensionate rispetto all&#8217;effettiva gravit\u00e0 della situazione, di esplosioni e danni riportati da alcune &hellip; <a href=\"https:\/\/www.marinadellabella.it\/?p=446\">Continua a leggere<span class=\"meta-nav\">&rarr;<\/span><\/a><\/p>\n","protected":false},"author":1,"featured_media":0,"comment_status":"open","ping_status":"open","sticky":false,"template":"","format":"standard","meta":{"footnotes":""},"categories":[23],"tags":[37],"class_list":["post-446","post","type-post","status-publish","format-standard","hentry","category-ambiente","tag-nucleare"],"_links":{"self":[{"href":"https:\/\/www.marinadellabella.it\/index.php?rest_route=\/wp\/v2\/posts\/446","targetHints":{"allow":["GET"]}}],"collection":[{"href":"https:\/\/www.marinadellabella.it\/index.php?rest_route=\/wp\/v2\/posts"}],"about":[{"href":"https:\/\/www.marinadellabella.it\/index.php?rest_route=\/wp\/v2\/types\/post"}],"author":[{"embeddable":true,"href":"https:\/\/www.marinadellabella.it\/index.php?rest_route=\/wp\/v2\/users\/1"}],"replies":[{"embeddable":true,"href":"https:\/\/www.marinadellabella.it\/index.php?rest_route=%2Fwp%2Fv2%2Fcomments&post=446"}],"version-history":[{"count":9,"href":"https:\/\/www.marinadellabella.it\/index.php?rest_route=\/wp\/v2\/posts\/446\/revisions"}],"predecessor-version":[{"id":450,"href":"https:\/\/www.marinadellabella.it\/index.php?rest_route=\/wp\/v2\/posts\/446\/revisions\/450"}],"wp:attachment":[{"href":"https:\/\/www.marinadellabella.it\/index.php?rest_route=%2Fwp%2Fv2%2Fmedia&parent=446"}],"wp:term":[{"taxonomy":"category","embeddable":true,"href":"https:\/\/www.marinadellabella.it\/index.php?rest_route=%2Fwp%2Fv2%2Fcategories&post=446"},{"taxonomy":"post_tag","embeddable":true,"href":"https:\/\/www.marinadellabella.it\/index.php?rest_route=%2Fwp%2Fv2%2Ftags&post=446"}],"curies":[{"name":"wp","href":"https:\/\/api.w.org\/{rel}","templated":true}]}}