{"id":522,"date":"2011-04-17T17:57:09","date_gmt":"2011-04-17T16:57:09","guid":{"rendered":"http:\/\/www.marinadellabella.it\/?p=522"},"modified":"2014-07-07T16:03:57","modified_gmt":"2014-07-07T15:03:57","slug":"verra-maggio","status":"publish","type":"post","link":"https:\/\/www.marinadellabella.it\/?p=522","title":{"rendered":"Verr\u00e0 maggio"},"content":{"rendered":"<p style=\"text-align: center;\"><a rel=\"attachment wp-att-523\" href=\"https:\/\/www.marinadellabella.it\/?attachment_id=523\"><img loading=\"lazy\" decoding=\"async\" class=\"size-full wp-image-523 aligncenter\" title=\"Vittorio Arrigoni\" src=\"https:\/\/www.marinadellabella.it\/wp-content\/uploads\/2011\/04\/Vittorio-Arrigoni.jpg\" alt=\"\" width=\"620\" height=\"428\" srcset=\"https:\/\/www.marinadellabella.it\/wp-content\/uploads\/2011\/04\/Vittorio-Arrigoni.jpg 620w, https:\/\/www.marinadellabella.it\/wp-content\/uploads\/2011\/04\/Vittorio-Arrigoni-300x207.jpg 300w\" sizes=\"auto, (max-width: 620px) 100vw, 620px\" \/><\/a><\/p>\n<p style=\"text-align: justify;\">\n<p style=\"text-align: justify;\">Verr\u00e0 maggio e una seconda <a href=\"http:\/\/www.freedomflotilla.it\">Freedom Flotilla<\/a> salper\u00e0 per tornare a Gaza e in Palestina a portare aiuti, rompendo l&#8217;assedio imposto da Israele. Una nave italiana che ne far\u00e0 parte viagger\u00e0 anche in nome di Vittorio Arrigoni, che aveva scelto di vivere insieme ai palestinesi, condividendone le grandi difficolt\u00e0 e utilizzando la rete per raccontarle al mondo. Arrigoni \u00e8 stato\u00a0 fermato prima della nuova spedizione, da mani omicide di cui si sa poco. Di certo si sa che sono mani utili a Israele, da oltre mezzo secolo prevaricatrice e violenta con i palestinesi e con chiunque ne abbia a cuore la causa.<\/p>\n<p style=\"text-align: justify;\">Per i suoi crimini Israele sarebbe gi\u00e0 fuori da ogni contesto internazionale, se non fosse per la grave acquiescenza di stati e gruppi politici di ogni tendenza che, per disinteresse o al contrario per interesse, fanno finta di nulla oppure finiscono per sostenerla. Anche per questo, oggi pi\u00f9 che mai sono necessarie nuove forme di attivismo internazionale che sostengano concretamente i palestinesi e ne diffondano il pi\u00f9 possibile le ragioni.<\/p>\n<p style=\"text-align: justify;\">Verr\u00e0 maggio, e in nome dei tanti che sono morti per difendere un popolo offeso, persone differenti tra loro e provenienti da ogni parte del mondo riprenderanno il mare. Tutte insieme, perch\u00e9 la solidariet\u00e0 non ha frontiere e cresce anche per l&#8217;esempio lasciato da chi non c&#8217;\u00e8 pi\u00f9: restiamo umani.<\/p>\n<p style=\"text-align: justify;\">\n","protected":false},"excerpt":{"rendered":"<p>Verr\u00e0 maggio e una seconda Freedom Flotilla salper\u00e0 per tornare a Gaza e in Palestina a portare aiuti, rompendo l&#8217;assedio imposto da Israele. Una nave italiana che ne far\u00e0 parte viagger\u00e0 anche in nome di Vittorio Arrigoni, che aveva scelto &hellip; <a href=\"https:\/\/www.marinadellabella.it\/?p=522\">Continua a leggere<span class=\"meta-nav\">&rarr;<\/span><\/a><\/p>\n","protected":false},"author":1,"featured_media":0,"comment_status":"closed","ping_status":"open","sticky":false,"template":"","format":"standard","meta":{"footnotes":""},"categories":[10],"tags":[47,45,46],"class_list":["post-522","post","type-post","status-publish","format-standard","hentry","category-politica","tag-freedom-flotilla","tag-palestinesi","tag-vittorio-arrigoni"],"_links":{"self":[{"href":"https:\/\/www.marinadellabella.it\/index.php?rest_route=\/wp\/v2\/posts\/522","targetHints":{"allow":["GET"]}}],"collection":[{"href":"https:\/\/www.marinadellabella.it\/index.php?rest_route=\/wp\/v2\/posts"}],"about":[{"href":"https:\/\/www.marinadellabella.it\/index.php?rest_route=\/wp\/v2\/types\/post"}],"author":[{"embeddable":true,"href":"https:\/\/www.marinadellabella.it\/index.php?rest_route=\/wp\/v2\/users\/1"}],"replies":[{"embeddable":true,"href":"https:\/\/www.marinadellabella.it\/index.php?rest_route=%2Fwp%2Fv2%2Fcomments&post=522"}],"version-history":[{"count":11,"href":"https:\/\/www.marinadellabella.it\/index.php?rest_route=\/wp\/v2\/posts\/522\/revisions"}],"predecessor-version":[{"id":704,"href":"https:\/\/www.marinadellabella.it\/index.php?rest_route=\/wp\/v2\/posts\/522\/revisions\/704"}],"wp:attachment":[{"href":"https:\/\/www.marinadellabella.it\/index.php?rest_route=%2Fwp%2Fv2%2Fmedia&parent=522"}],"wp:term":[{"taxonomy":"category","embeddable":true,"href":"https:\/\/www.marinadellabella.it\/index.php?rest_route=%2Fwp%2Fv2%2Fcategories&post=522"},{"taxonomy":"post_tag","embeddable":true,"href":"https:\/\/www.marinadellabella.it\/index.php?rest_route=%2Fwp%2Fv2%2Ftags&post=522"}],"curies":[{"name":"wp","href":"https:\/\/api.w.org\/{rel}","templated":true}]}}