{"id":536,"date":"2011-04-24T22:10:50","date_gmt":"2011-04-24T21:10:50","guid":{"rendered":"http:\/\/www.marinadellabella.it\/?p=536"},"modified":"2014-07-07T16:03:39","modified_gmt":"2014-07-07T15:03:39","slug":"tutto-cambia","status":"publish","type":"post","link":"https:\/\/www.marinadellabella.it\/?p=536","title":{"rendered":"Tutto cambia"},"content":{"rendered":"<p style=\"text-align: justify;\"><a rel=\"attachment wp-att-539\" href=\"https:\/\/www.marinadellabella.it\/?attachment_id=539\"><img loading=\"lazy\" decoding=\"async\" class=\"alignleft size-full wp-image-539\" title=\"Habemus papam\" src=\"https:\/\/www.marinadellabella.it\/wp-content\/uploads\/2011\/04\/Habemus-papam-e1304167601545.jpg\" alt=\"\" width=\"190\" height=\"126\" \/><\/a>Non ho particolare passione per Nanni Moretti e per i suoi film, ma stavolta ho visto <em>Habemus papam<\/em> due volte e non ho dubbi: \u00e8 proprio bello. Tanti gli echi\u00a0 (provenienti da arti visive, teatro, cinema e musica), profonde le domande che pone (su solitudine, identit\u00e0 e libert\u00e0 dell&#8217;uomo, sul loro rapporto con il sistema, sul senso di comunit\u00e0), come anche i dubbi, tradotti in un&#8217;ironia critica a volte pungente a volte amorevole, ma sempre partecipe della condizione esistenziale e, da questo punto di vista, pi\u00f9 matura.<\/p>\n<p style=\"text-align: justify;\">Se nulla sfugge all&#8217;ironia (religione, psicanalisi, informazione e comunicazione, cos\u00ec come i suoi professionisti), il film si esprime anche in altri toni (poetico, umoristico, sarcastico, drammatico) che, quando riescono a fondersi, diventano una sinfonia di immagini, suoni e simboli in omaggio all&#8217;umanit\u00e0 tutta, individuale e collettiva.<\/p>\n<p style=\"text-align: justify;\">Bravi gli attori, bravissimo Michel Piccoli, non facile la sceneggiatura e complessa la colonna sonora, sofisticato il montaggio anche nell&#8217;inserimento delle immagini di repertorio. Bella la scena dei cardinali che giocano a pallavolo in un torneo a squadre di tutti i continenti (cose dell&#8217;altro mondo, verrebbe da dire, ma di un mondo migliore). E straordinaria quella in cui battono il tempo e ballano per accompagnare <em>Todo cambia<\/em> cantata da Mercedes Sosa, voce della resistenza alla dittatura argentina.<\/p>\n<p style=\"text-align: justify;\">Difficile non pensare alla storica connivenza delle gerarchie ecclesiastiche con le dittature e le guerre come, pi\u00f9 in generale, alla pesante ingerenza del Vaticano in ogni campo, soprattutto in Italia.<\/p>\n<p style=\"text-align: justify;\">Questo film, per\u00f2, evoca ma non esplicita, suggerisce ma non denuncia, domanda ma non risponde, affidando a una parabola dai contenuti intensamente umani alcuni spunti sulla possibilit\u00e0 di cambiamento. Anche nella sua conclusione secca, con un uomo che, bench\u00e9 sequestrato dal sistema religioso, umile e sincero rinuncia al papato per continuare a cercare se stesso.<\/p>\n","protected":false},"excerpt":{"rendered":"<p>Non ho particolare passione per Nanni Moretti e per i suoi film, ma stavolta ho visto Habemus papam due volte e non ho dubbi: \u00e8 proprio bello. Tanti gli echi\u00a0 (provenienti da arti visive, teatro, cinema e musica), profonde le &hellip; <a href=\"https:\/\/www.marinadellabella.it\/?p=536\">Continua a leggere<span class=\"meta-nav\">&rarr;<\/span><\/a><\/p>\n","protected":false},"author":1,"featured_media":0,"comment_status":"closed","ping_status":"open","sticky":false,"template":"","format":"standard","meta":{"footnotes":""},"categories":[11],"tags":[48,49,50],"class_list":["post-536","post","type-post","status-publish","format-standard","hentry","category-cinema","tag-habemus-papam","tag-nanni-moretti","tag-vaticano"],"_links":{"self":[{"href":"https:\/\/www.marinadellabella.it\/index.php?rest_route=\/wp\/v2\/posts\/536","targetHints":{"allow":["GET"]}}],"collection":[{"href":"https:\/\/www.marinadellabella.it\/index.php?rest_route=\/wp\/v2\/posts"}],"about":[{"href":"https:\/\/www.marinadellabella.it\/index.php?rest_route=\/wp\/v2\/types\/post"}],"author":[{"embeddable":true,"href":"https:\/\/www.marinadellabella.it\/index.php?rest_route=\/wp\/v2\/users\/1"}],"replies":[{"embeddable":true,"href":"https:\/\/www.marinadellabella.it\/index.php?rest_route=%2Fwp%2Fv2%2Fcomments&post=536"}],"version-history":[{"count":21,"href":"https:\/\/www.marinadellabella.it\/index.php?rest_route=\/wp\/v2\/posts\/536\/revisions"}],"predecessor-version":[{"id":587,"href":"https:\/\/www.marinadellabella.it\/index.php?rest_route=\/wp\/v2\/posts\/536\/revisions\/587"}],"wp:attachment":[{"href":"https:\/\/www.marinadellabella.it\/index.php?rest_route=%2Fwp%2Fv2%2Fmedia&parent=536"}],"wp:term":[{"taxonomy":"category","embeddable":true,"href":"https:\/\/www.marinadellabella.it\/index.php?rest_route=%2Fwp%2Fv2%2Fcategories&post=536"},{"taxonomy":"post_tag","embeddable":true,"href":"https:\/\/www.marinadellabella.it\/index.php?rest_route=%2Fwp%2Fv2%2Ftags&post=536"}],"curies":[{"name":"wp","href":"https:\/\/api.w.org\/{rel}","templated":true}]}}