{"id":543,"date":"2011-04-28T09:24:10","date_gmt":"2011-04-28T08:24:10","guid":{"rendered":"http:\/\/www.marinadellabella.it\/?p=543"},"modified":"2014-07-07T16:03:39","modified_gmt":"2014-07-07T15:03:39","slug":"una-nuova-resistenza","status":"publish","type":"post","link":"https:\/\/www.marinadellabella.it\/?p=543","title":{"rendered":"Una nuova Resistenza"},"content":{"rendered":"<p style=\"text-align: justify;\"><span class=\"vvqbox vvqyoutube\" style=\"width:200px;height:180px;\"><span id=\"vvq-543-youtube-1\"><a href=\"http:\/\/www.youtube.com\/watch?v=JFQISAbyN6k\"><img decoding=\"async\" src=\"http:\/\/img.youtube.com\/vi\/JFQISAbyN6k\/0.jpg\" alt=\"Immagine anteprima YouTube\" \/><\/a><\/span><\/span><\/p>\n<p style=\"text-align: justify;\">\n<p style=\"text-align: justify;\">\n<p style=\"text-align: justify;\">Quando sento qualche <a href=\"http:\/\/www.youtube.com\/watch?v=UGiFA_EsQu4\">partigiano<\/a> ancora vivo parlare con la voce rotta dalla vecchiaia e dall&#8217;emozione, e con la dignitosa convinzione d&#8217;aver fatto la scelta giusta, sento tanta riconoscenza ma anche vergogna per le generazioni successive, che hanno abbattuto in pochi decenni un patrimonio di valori, coraggio e coerenza dalle radici profonde.<\/p>\n<p style=\"text-align: justify;\">Quello che frettolosamente viene definito revisionismo \u00e8 un fenomeno pi\u00f9 complesso, che andrebbe indagato soprattutto in ci\u00f2 che resta della ex sinistra e dei suoi alleati di sempre.<\/p>\n<p style=\"text-align: justify;\">Se il berlusconismo viene definito mutazione antropologica, altrettanto potrebbe dirsi della trasformazione di chi, dalla Costituente in poi, ha abbandonato progressivamente l&#8217;antifascismo, finendo poi per legittimare non soltanto il berlusconismo (tutto basato sul culto della personalit\u00e0 e sul decisionismo in spregio alle rappresentanze popolari) ma anche aree sempre pi\u00f9 consistenti di ex fascisti e nuovi razzisti.<\/p>\n<p style=\"text-align: justify;\">Questo \u00e8 stato possibile anche in virt\u00f9 di uno stile che non distanzia s\u00e9 dall&#8217;avversario politico, a cui si \u00e8 consegnata ogni prerogativa anche istituzionale, riconfermandone di giorno in giorno la legittimit\u00e0 con comportamenti irresponsabili se non conniventi, patteggiando leggi, voti, astensioni e assenze strategiche al voto.<\/p>\n<p style=\"text-align: justify;\">Ma se ci\u00f2 \u00e8 stato possibile, vuol dire che un&#8217;identit\u00e0 politica su cui si \u00e8 fondata prima la Resistenza e poi la repubblica si \u00e8 andata mutando in qualcosa di vacuo e inquietante, per certi versi pi\u00f9 pericoloso ancora di ogni esplicita manifestazione di nuovo fascismo.<\/p>\n<p style=\"text-align: justify;\">Pi\u00f9 pericoloso, perch\u00e9 ad esso si dovrebbe affidare la liberazione dell&#8217;Italia da un sistema nei fatti gi\u00e0 dittatoriale (e ora anche interventista nell&#8217;ex colonia libica).<\/p>\n","protected":false},"excerpt":{"rendered":"<p>Quando sento qualche partigiano ancora vivo parlare con la voce rotta dalla vecchiaia e dall&#8217;emozione, e con la dignitosa convinzione d&#8217;aver fatto la scelta giusta, sento tanta riconoscenza ma anche vergogna per le generazioni successive, che hanno abbattuto in pochi &hellip; <a href=\"https:\/\/www.marinadellabella.it\/?p=543\">Continua a leggere<span class=\"meta-nav\">&rarr;<\/span><\/a><\/p>\n","protected":false},"author":1,"featured_media":0,"comment_status":"closed","ping_status":"open","sticky":false,"template":"","format":"standard","meta":{"footnotes":""},"categories":[10],"tags":[51],"class_list":["post-543","post","type-post","status-publish","format-standard","hentry","category-politica","tag-resistenza"],"_links":{"self":[{"href":"https:\/\/www.marinadellabella.it\/index.php?rest_route=\/wp\/v2\/posts\/543","targetHints":{"allow":["GET"]}}],"collection":[{"href":"https:\/\/www.marinadellabella.it\/index.php?rest_route=\/wp\/v2\/posts"}],"about":[{"href":"https:\/\/www.marinadellabella.it\/index.php?rest_route=\/wp\/v2\/types\/post"}],"author":[{"embeddable":true,"href":"https:\/\/www.marinadellabella.it\/index.php?rest_route=\/wp\/v2\/users\/1"}],"replies":[{"embeddable":true,"href":"https:\/\/www.marinadellabella.it\/index.php?rest_route=%2Fwp%2Fv2%2Fcomments&post=543"}],"version-history":[{"count":9,"href":"https:\/\/www.marinadellabella.it\/index.php?rest_route=\/wp\/v2\/posts\/543\/revisions"}],"predecessor-version":[{"id":3899,"href":"https:\/\/www.marinadellabella.it\/index.php?rest_route=\/wp\/v2\/posts\/543\/revisions\/3899"}],"wp:attachment":[{"href":"https:\/\/www.marinadellabella.it\/index.php?rest_route=%2Fwp%2Fv2%2Fmedia&parent=543"}],"wp:term":[{"taxonomy":"category","embeddable":true,"href":"https:\/\/www.marinadellabella.it\/index.php?rest_route=%2Fwp%2Fv2%2Fcategories&post=543"},{"taxonomy":"post_tag","embeddable":true,"href":"https:\/\/www.marinadellabella.it\/index.php?rest_route=%2Fwp%2Fv2%2Ftags&post=543"}],"curies":[{"name":"wp","href":"https:\/\/api.w.org\/{rel}","templated":true}]}}