{"id":660,"date":"2011-05-07T21:03:32","date_gmt":"2011-05-07T20:03:32","guid":{"rendered":"http:\/\/www.marinadellabella.it\/?p=660"},"modified":"2014-01-27T08:57:03","modified_gmt":"2014-01-27T07:57:03","slug":"il-ricatto-del-lavoro","status":"publish","type":"post","link":"https:\/\/www.marinadellabella.it\/?p=660","title":{"rendered":"Il ricatto del lavoro"},"content":{"rendered":"<p style=\"text-align: justify;\"><a href=\"https:\/\/www.marinadellabella.it\/?attachment_id=698\" rel=\"attachment wp-att-698\"><img loading=\"lazy\" decoding=\"async\" class=\"alignleft size-full wp-image-698\" title=\"Thyssenkrupp\" alt=\"\" src=\"https:\/\/www.marinadellabella.it\/wp-content\/uploads\/2011\/05\/Thyssenkrupp8-e1304799939342.jpg\" width=\"180\" height=\"144\" \/><\/a>La sentenza senza precedenti che condanna la Thyssenkrupp per l&#8217;omicidio volontario di sette operai, morti nell&#8217;incendio della linea cinque dell&#8217;acciaieria di Torino, in un paese normale dovrebbe indurre i datori di lavoro a investire di pi\u00f9 sulla sicurezza. Questa, peraltro, dovrebbe essere sempre preliminare alla produzione, indipendentemente da crisi economiche e ristrutturazioni aziendali, mentre nel caso della Thyssenkrupp la linea cinque era stata trascurata proprio in previsione del suo successivo trasferimento allo stabilimento di Terni.<\/p>\n<p style=\"text-align: justify;\">Ora l&#8217;azienda, con atteggiamento ritorsivo nei confronti della condanna, minaccia di non trasferire pi\u00f9 a Terni la produzione e addirittura di ritirarla dall&#8217;Italia. Il sindaco di Terni, per parte sua, va mettendo in evidenza il nesso preoccupante tra l&#8217;esito giudiziario e il rischio di perdere posti di lavoro.<\/p>\n<p style=\"text-align: justify;\">E cos\u00ec siamo di nuovo al ricatto, in virt\u00f9 del quale per ottenere o mantenere un lavoro si \u00e8 costretti rinunciare a condizioni contrattuali minimamente decenti (vedi Pomigliano, Mirafiori, Nuovo Pignone, e poi chiss\u00e0), come anche alla salute e alla sicurezza.<\/p>\n<p style=\"text-align: justify;\">La storia dello sviluppo italiano corre tutta sul filo dell&#8217;inquinamento, da Marghera all&#8217;Ilva di Taranto, e su quello degli incidenti sul lavoro (spesso mortali, come a Viareggio, alla stessa Thyssenkrupp di Terni o, altro caso che mi sta a cuore, alla raffineria Api di Falconara, nelle Marche).<\/p>\n<p style=\"text-align: justify;\">Questa storia ha visto prevalere nelle rappresentanze politiche e spesso anche sindacali l&#8217;atteggiamento del lavoro a tutti i costi che, se comprensibile da parte di chi ne ha estremo bisogno ma non ha alcuna forza contrattuale, nel primo caso diventa connivenza o addirittura sostegno al datore di lavoro, ancora pi\u00f9 legittimato a difendere i propri interessi che, come si sa, difficilmente coincidono con il bene del lavoratore.<\/p>\n<p style=\"text-align: justify;\">Tutto ci\u00f2 ha favorito un modello di sviluppo vecchio e gravemente dannoso per tutti, basato non sull&#8217;innovazione o sulla riconversione ma sulla conservazione e ora sulla degenerazione di modi e mezzi di produzione, per non parlare delle relative tutele.<\/p>\n<p style=\"text-align: justify;\">La stessa tutela ambientale, concepita come antitetica alla produzione, \u00e8 stata spesso trattata anche dai partiti di sinistra come un lusso, un&#8217;opzione aggiuntiva a cui rinunciare in nome del lavoro.<\/p>\n<p style=\"text-align: justify;\">Di questo passo \u00e8 successo che il lavoro, una volta motivo di dignit\u00e0 e di riscatto sociale, oggi sia diventato sinonimo di ricatto, di umiliazione e di cancellazione progressiva dell&#8217;identit\u00e0 stessa del lavoratore, che diventa &#8220;residuale&#8221; se ancora gode di relative garanzie, &#8220;invisibile&#8221; se precario e infine &#8220;inesistente&#8221; se disoccupato.<\/p>\n<p style=\"text-align: justify;\">Recentemente ho letto un post nel <a href=\"http:\/\/alessandroportelli.blogspot.com\/2011_05_01_archive.html\">blog di Alessandro Portelli<\/a>, che prende spunto dalla presa di posizione del sindaco di Terni\u00a0 per inserire il caso Thyssenkrupp in un contesto di lettura pi\u00f9 ampio, fatto di smantellamento dei diritti, di delegittimazione della giustizia, di mistificazione della realt\u00e0, compresa quella emozionale.<\/p>\n<p style=\"text-align: justify;\">Urgono contropoteri, dice Portelli, cio\u00e8 un&#8217;azione unitaria, responsabile e di garanzia almeno da parte di quelle forze politiche che si candidano a rappresentare, anche se solo a fini elettorali, chi vive sulla sua pelle il ricatto del lavoro.<\/p>\n<p style=\"text-align: justify;\">Rinvio volentieri alla sua lettura, per condivisione degli argomenti e per le domande che pone in chiusura, sempre nella speranza che arrivino risposte.<\/p>\n<p style=\"text-align: justify;\">\n","protected":false},"excerpt":{"rendered":"<p>La sentenza senza precedenti che condanna la Thyssenkrupp per l&#8217;omicidio volontario di sette operai, morti nell&#8217;incendio della linea cinque dell&#8217;acciaieria di Torino, in un paese normale dovrebbe indurre i datori di lavoro a investire di pi\u00f9 sulla sicurezza. Questa, peraltro, &hellip; <a href=\"https:\/\/www.marinadellabella.it\/?p=660\">Continua a leggere<span class=\"meta-nav\">&rarr;<\/span><\/a><\/p>\n","protected":false},"author":1,"featured_media":0,"comment_status":"open","ping_status":"open","sticky":false,"template":"","format":"standard","meta":{"footnotes":""},"categories":[23],"tags":[356,63],"class_list":["post-660","post","type-post","status-publish","format-standard","hentry","category-ambiente","tag-lavoro","tag-thyssenkrupp"],"_links":{"self":[{"href":"https:\/\/www.marinadellabella.it\/index.php?rest_route=\/wp\/v2\/posts\/660","targetHints":{"allow":["GET"]}}],"collection":[{"href":"https:\/\/www.marinadellabella.it\/index.php?rest_route=\/wp\/v2\/posts"}],"about":[{"href":"https:\/\/www.marinadellabella.it\/index.php?rest_route=\/wp\/v2\/types\/post"}],"author":[{"embeddable":true,"href":"https:\/\/www.marinadellabella.it\/index.php?rest_route=\/wp\/v2\/users\/1"}],"replies":[{"embeddable":true,"href":"https:\/\/www.marinadellabella.it\/index.php?rest_route=%2Fwp%2Fv2%2Fcomments&post=660"}],"version-history":[{"count":34,"href":"https:\/\/www.marinadellabella.it\/index.php?rest_route=\/wp\/v2\/posts\/660\/revisions"}],"predecessor-version":[{"id":3635,"href":"https:\/\/www.marinadellabella.it\/index.php?rest_route=\/wp\/v2\/posts\/660\/revisions\/3635"}],"wp:attachment":[{"href":"https:\/\/www.marinadellabella.it\/index.php?rest_route=%2Fwp%2Fv2%2Fmedia&parent=660"}],"wp:term":[{"taxonomy":"category","embeddable":true,"href":"https:\/\/www.marinadellabella.it\/index.php?rest_route=%2Fwp%2Fv2%2Fcategories&post=660"},{"taxonomy":"post_tag","embeddable":true,"href":"https:\/\/www.marinadellabella.it\/index.php?rest_route=%2Fwp%2Fv2%2Ftags&post=660"}],"curies":[{"name":"wp","href":"https:\/\/api.w.org\/{rel}","templated":true}]}}