{"id":778,"date":"2011-06-15T17:39:18","date_gmt":"2011-06-15T16:39:18","guid":{"rendered":"http:\/\/www.marinadellabella.it\/?p=778"},"modified":"2011-06-15T17:39:58","modified_gmt":"2011-06-15T16:39:58","slug":"nel-giorno-del-suo-compleanno","status":"publish","type":"post","link":"https:\/\/www.marinadellabella.it\/?p=778","title":{"rendered":"Nel giorno del suo compleanno"},"content":{"rendered":"<p style=\"text-align: justify;\"><img loading=\"lazy\" decoding=\"async\" class=\"alignleft size-full wp-image-782\" title=\"Diego Novelli\" src=\"https:\/\/www.marinadellabella.it\/wp-content\/uploads\/2011\/05\/Diego-Novelli2.jpg\" alt=\"\" width=\"200\" height=\"133\" \/>A volte il caso produce strane combinazioni, come ad esempio quella di farmi ritrovare (in mezzo a un mare di carte che in casa stiamo riordinando), proprio nel giorno del suo ottantesimo compleanno, l&#8217;intervento di Diego Novelli nel dibattito sulla fiducia al primo governo Berlusconi. Era il 19 maggio 1994, e rileggere le sue parole dopo diciassette anni e dopo tutto quello che nel frattempo \u00e8 successo, mi ha immediatamente prodotto un cortocircuito di consapevolezza e impotenza mescolate insieme. Ne sono per\u00f2 riemersa, e questa \u00e8 una novit\u00e0, con la speranza di essere ormai alla fine del tunnel: l&#8217;abbiamo percorso tutto e ora basta, basta per noi, per i nostri figli e per tutti quegli anziani meravigliosi che ci hanno consegnato un paese libero.<\/p>\n<p style=\"text-align: justify;\">Pubblico il discorso di Novelli come riportato dagli atti parlamentari dedicandone la lettura a tutti quelli che, lontani in questi anni da ogni omologazione, faranno di tutto per ricominciare.<\/p>\n<p style=\"text-align: justify;\"><a href=\"https:\/\/www.marinadellabella.it\/wp-content\/uploads\/2011\/06\/D.Novelli_Intervento-19-maggio-19941.pdf\">19\/05\/1994 &#8211; Dibattito sulla fiducia al Governo &#8211; Intervento di Diego Novelli<\/a><\/p>\n<p style=\"text-align: justify;\">\n","protected":false},"excerpt":{"rendered":"<p>A volte il caso produce strane combinazioni, come ad esempio quella di farmi ritrovare (in mezzo a un mare di carte che in casa stiamo riordinando), proprio nel giorno del suo ottantesimo compleanno, l&#8217;intervento di Diego Novelli nel dibattito sulla &hellip; <a href=\"https:\/\/www.marinadellabella.it\/?p=778\">Continua a leggere<span class=\"meta-nav\">&rarr;<\/span><\/a><\/p>\n","protected":false},"author":1,"featured_media":0,"comment_status":"open","ping_status":"open","sticky":false,"template":"","format":"standard","meta":{"footnotes":""},"categories":[10],"tags":[69],"class_list":["post-778","post","type-post","status-publish","format-standard","hentry","category-politica","tag-diego-novelli"],"_links":{"self":[{"href":"https:\/\/www.marinadellabella.it\/index.php?rest_route=\/wp\/v2\/posts\/778","targetHints":{"allow":["GET"]}}],"collection":[{"href":"https:\/\/www.marinadellabella.it\/index.php?rest_route=\/wp\/v2\/posts"}],"about":[{"href":"https:\/\/www.marinadellabella.it\/index.php?rest_route=\/wp\/v2\/types\/post"}],"author":[{"embeddable":true,"href":"https:\/\/www.marinadellabella.it\/index.php?rest_route=\/wp\/v2\/users\/1"}],"replies":[{"embeddable":true,"href":"https:\/\/www.marinadellabella.it\/index.php?rest_route=%2Fwp%2Fv2%2Fcomments&post=778"}],"version-history":[{"count":31,"href":"https:\/\/www.marinadellabella.it\/index.php?rest_route=\/wp\/v2\/posts\/778\/revisions"}],"predecessor-version":[{"id":877,"href":"https:\/\/www.marinadellabella.it\/index.php?rest_route=\/wp\/v2\/posts\/778\/revisions\/877"}],"wp:attachment":[{"href":"https:\/\/www.marinadellabella.it\/index.php?rest_route=%2Fwp%2Fv2%2Fmedia&parent=778"}],"wp:term":[{"taxonomy":"category","embeddable":true,"href":"https:\/\/www.marinadellabella.it\/index.php?rest_route=%2Fwp%2Fv2%2Fcategories&post=778"},{"taxonomy":"post_tag","embeddable":true,"href":"https:\/\/www.marinadellabella.it\/index.php?rest_route=%2Fwp%2Fv2%2Ftags&post=778"}],"curies":[{"name":"wp","href":"https:\/\/api.w.org\/{rel}","templated":true}]}}