{"id":878,"date":"2011-06-18T19:35:50","date_gmt":"2011-06-18T18:35:50","guid":{"rendered":"http:\/\/www.marinadellabella.it\/?p=878"},"modified":"2014-01-27T08:53:25","modified_gmt":"2014-01-27T07:53:25","slug":"le-voci-del-padrone","status":"publish","type":"post","link":"https:\/\/www.marinadellabella.it\/?p=878","title":{"rendered":"Le voci del padrone"},"content":{"rendered":"<p style=\"text-align: justify;\"><a href=\"https:\/\/www.marinadellabella.it\/?attachment_id=908\" rel=\"attachment wp-att-908\"><img loading=\"lazy\" decoding=\"async\" class=\"alignleft size-full wp-image-908\" title=\"Maurizio Landini\" alt=\"\" src=\"https:\/\/www.marinadellabella.it\/wp-content\/uploads\/2011\/06\/Maurizio-Landini.jpg\" width=\"285\" height=\"177\" \/><\/a>Ti faccio lavorare se rinunci a ogni diritto e tutela. Tanto, se mi dici di no tu, con tutti i disoccupati che ci sono uno che mi dice di s\u00ec comunque lo trovo.\u00a0 Cos\u00ec, pi\u00f9 o meno, si esprime oggi la voce del padrone. Con altre voci, per\u00f2, perch\u00e9 il padrone non lo vedi in faccia e spesso nemmeno sai chi \u00e8. Tu vedi gli intermediari delle agenzie interinali che sembrano immobiliaristi, con le inserzioni sulle vetrine e gli appuntamenti, ma invece di vendere case vendono te, se va bene. Mentre se va male ti dicono che non sei vendibile, oppure te lo fanno dire da uno psicologo. Quello, dopo averti fatto domande\u00a0 anche molto personali, ti fa uscire dall&#8217;agenzia senza il lavoro ma con qualcosa in pi\u00f9: la certezza che tutto dipenda dalla tua inadeguatezza, non da lui e tantomeno da loro.<\/p>\n<p style=\"text-align: justify;\">Oppure vedi quelli delle cooperative che ti spiegano che da loro il padrone non esiste perch\u00e9 tutti sono un po&#8217; padroni, e subito tu domandi chi decider\u00e0 la tua assunzione: la voteranno in un&#8217;assemblea? in un comitato di autogestione? E su queste domande il discorso si chiude ancor prima di cominciare.<\/p>\n<p style=\"text-align: justify;\">Oppure molto, molto raramente vedi un dirigente pubblico che dispensa oro: un posto a tempo indeterminato. Ma a chi potr\u00e0 darlo? A te che non c&#8217;entri niente con quelli a cui deve il suo buon contratto? E quelli chi sono? Guai a chiamarli padroni perch\u00e9 si offendono: loro sono amministratori pubblici, rappresentanti dei cittadini. In definitiva i tuoi padroni sarebbero i cittadini, ma non si \u00e8 mai visto un cittadino che decida sui dirigenti e sui posti pubblici.<\/p>\n<p style=\"text-align: justify;\">Oppure vedi un manager famoso, sul giornale o alla televisione, che parla di te e di tutti quelli che come te, con la loro fatica quotidiana, finora gli hanno garantito una fortuna. Dice che dovete smetterla di pretendere tutele e diritti sindacali, altrimenti la produzione verr\u00e0 spostata in qualche altro paese e perderete il lavoro. In realt\u00e0 lo stavate gi\u00e0 perdendo, perch\u00e8 il manager aveva gi\u00e0 deciso di migrare, ma gli fa comodo raccontarsela cos\u00ec.<\/p>\n<p style=\"text-align: justify;\">Ma il padrone vero dov&#8217;\u00e8? Una volta lo si vedeva in faccia, oggi no. Cos\u00ec tutto si mescola, parte e controparte, peso e contrappeso, responsabilit\u00e0 e irresponsabilit\u00e0. Cos\u00ec salta la dignit\u00e0 del lavoro, salta il riconoscimento del lavoratore e dell&#8217;aspirante lavoratore come portatori di diritti. Saltano i contratti, le trattative sindacali e quindi anche i sindacati. Che, come i padroni invisibili, sono ormai come gusci: duri fuori (nel difendere le loro personali rendite di posizione) e vuoti dentro, senza ruolo e valori. Un po&#8217; come i partiti che rimangono a guardare, pezzo a pezzo, il trasferimento all&#8217;estero di quel che resta dell&#8217;industria italiana senza battere ciglio, anzi con una vena di comprensione per le varie voci del padrone, cos\u00ec simili alle loro.<\/p>\n<p style=\"text-align: justify;\">Visto il quadro generale, \u00e8 molto importante che una folla di disoccupati, precari, cassaintegrati e variamente occupati ieri sera si sia ritrovata a Bologna davanti a un palco, attratta non soltanto da uno spettacolo uscito dalla Rai (ormai dismessa e ridotta a inutile laboratorio di censura) per offrirsi alla piazza. Su quel palco, infatti, ben oltre lo spettacolo c&#8217;era la Fiom, da sola nella sua battaglia per contratti di lavoro ancora degni di chiamarsi tali, ma circondata da tutta quella folla.<\/p>\n<p style=\"text-align: justify;\">La folla, come nel voto amministrativo e nei referendum recenti, ormai si muove ben oltre sindacati e partiti perch\u00e9 ha capito che la posta in gioco \u00e8 alta. Ha capito che difendere la dignit\u00e0 e il lavoro di alcuni vuol dire difendere i diritti umani e civili di tutti, e insieme ad essi una democrazia fatta a pezzi, come le fabbriche e il loro lavoro.<\/p>\n","protected":false},"excerpt":{"rendered":"<p>Ti faccio lavorare se rinunci a ogni diritto e tutela. Tanto, se mi dici di no tu, con tutti i disoccupati che ci sono uno che mi dice di s\u00ec comunque lo trovo.\u00a0 Cos\u00ec, pi\u00f9 o meno, si esprime oggi &hellip; <a href=\"https:\/\/www.marinadellabella.it\/?p=878\">Continua a leggere<span class=\"meta-nav\">&rarr;<\/span><\/a><\/p>\n","protected":false},"author":1,"featured_media":0,"comment_status":"open","ping_status":"open","sticky":false,"template":"","format":"standard","meta":{"footnotes":""},"categories":[1],"tags":[362,356],"class_list":["post-878","post","type-post","status-publish","format-standard","hentry","category-uncategorized","tag-fiom","tag-lavoro"],"_links":{"self":[{"href":"https:\/\/www.marinadellabella.it\/index.php?rest_route=\/wp\/v2\/posts\/878","targetHints":{"allow":["GET"]}}],"collection":[{"href":"https:\/\/www.marinadellabella.it\/index.php?rest_route=\/wp\/v2\/posts"}],"about":[{"href":"https:\/\/www.marinadellabella.it\/index.php?rest_route=\/wp\/v2\/types\/post"}],"author":[{"embeddable":true,"href":"https:\/\/www.marinadellabella.it\/index.php?rest_route=\/wp\/v2\/users\/1"}],"replies":[{"embeddable":true,"href":"https:\/\/www.marinadellabella.it\/index.php?rest_route=%2Fwp%2Fv2%2Fcomments&post=878"}],"version-history":[{"count":41,"href":"https:\/\/www.marinadellabella.it\/index.php?rest_route=\/wp\/v2\/posts\/878\/revisions"}],"predecessor-version":[{"id":3633,"href":"https:\/\/www.marinadellabella.it\/index.php?rest_route=\/wp\/v2\/posts\/878\/revisions\/3633"}],"wp:attachment":[{"href":"https:\/\/www.marinadellabella.it\/index.php?rest_route=%2Fwp%2Fv2%2Fmedia&parent=878"}],"wp:term":[{"taxonomy":"category","embeddable":true,"href":"https:\/\/www.marinadellabella.it\/index.php?rest_route=%2Fwp%2Fv2%2Fcategories&post=878"},{"taxonomy":"post_tag","embeddable":true,"href":"https:\/\/www.marinadellabella.it\/index.php?rest_route=%2Fwp%2Fv2%2Ftags&post=878"}],"curies":[{"name":"wp","href":"https:\/\/api.w.org\/{rel}","templated":true}]}}