{"id":923,"date":"2011-06-20T11:08:55","date_gmt":"2011-06-20T10:08:55","guid":{"rendered":"http:\/\/www.marinadellabella.it\/?p=923"},"modified":"2014-01-27T08:52:06","modified_gmt":"2014-01-27T07:52:06","slug":"la-grecia-nel-cuore","status":"publish","type":"post","link":"https:\/\/www.marinadellabella.it\/?p=923","title":{"rendered":"La Grecia nel cuore"},"content":{"rendered":"<p style=\"text-align: justify;\"><span class=\"vvqbox vvqyoutube\" style=\"width:0px;height:0px;\"><span id=\"vvq-923-youtube-1\"><a href=\"http:\/\/www.youtube.com\/watch?v=V8fb7cqAVv4\"><img decoding=\"async\" src=\"http:\/\/img.youtube.com\/vi\/V8fb7cqAVv4\/0.jpg\" alt=\"Immagine anteprima YouTube\" \/><\/a><\/span><\/span><\/p>\n<p style=\"text-align: justify;\">La Grecia \u00e8 unica, per la bellezza del paesaggio, la cultura, il carattere della sua gente. Per me una seconda casa, con i cassetti pieni di emozioni intense, difficili da restituire. L\u00ec nel corso degli anni mi \u00e8 capitato di tutto. Per ore in cima a un monte deserto con una lambretta vecchissima e in panne, finalmente ci appare un uomo in cima a una ruspa, carica la lambretta nella pala e noi in piedi nella cabina e ci porta cos\u00ec fino al mare. Un ateniese che trasporta pellicole in motorino da un cinema all&#8217;altro ci scorta fino a una trattoria sperduta e ci offre lo spezzatino con le patate, proprio come lo fanno in Italia. Sotto gli occhi increduli di quattro vecchietti visitiamo a lungo Messene ma quella che cerchiamo, omonima, \u00e8 lontana qualche chilometro.<\/p>\n<p style=\"text-align: justify;\">Ho camminato tanto dovunque, dai monti della Zagoria al Mani, ogni volta con l&#8217;orologio fermo, come quello che a Kalavrita ancora segna l&#8217;ora dello sterminio dei maschi per mano tedesca. Cos\u00ec ho trovato <a title=\"Vasileos\" href=\"http:\/\/www.antoniomessina.it\/?q=scritti\/vasileos\">Vasileos<\/a> e la vivacit\u00e0 di Salonicco, la Florina del regista Anghelopulos, dove mor\u00ec Volont\u00e9, e le Meteore in arrampicata. In quella zona fanno lo tzatziki pi\u00f9 buono che abbia mai sentito. La notizia dell&#8217;attentato alle Torri gemelle mi \u00e8 arrivata a Finikounda, insieme al mistral e alle vele dritte come non mai. Di notte anche una scossa di terremoto, di cui nessuno come al solito si \u00e8 preoccupato. Questo \u00e8 la Grecia, insieme a una miriade di isole che per girarle tutte bisognerebbe vivere chiss\u00e0 quante volte, insieme a quel che resta della sua archeologia, sparsa per il mondo per mancanza di mezzi, insieme ai poeti in esilio e alla caduta dei colonnelli,\u00a0 a struggenti distese di ulivi e a platani immensi, soli in mezzo a piccole piazze di pietra.<\/p>\n<p style=\"text-align: justify;\">Intanto nelle piazze pi\u00f9 grandi i cittadini si ribellano al fallimento economico del loro paese perch\u00e9 lo soffrono senza averlo capito, soprattutto senza averlo procurato. Il primo ministro chiede un governo di unit\u00e0 nazionale e per ottenere aiuti dall&#8217;estero annuncia &#8220;riforme&#8221;: vendita di beni nazionali, taglio dei servizi pubblici, aumento di tasse. Le<strong> <\/strong>multinazionali disinvestono e le banche estere vanno in perdita.<\/p>\n<p style=\"text-align: justify;\">Seguo dall&#8217;Italia queste notizie e temo un destino comune, che si estender\u00e0 dagli stati meno tutelati dal sistema finanziario internazionale a quelli pi\u00f9 garantiti. La strategia di differire il fallimento spostandolo da un paese all&#8217;altro non eviter\u00e0 l&#8217;effetto a catena che ne potr\u00e0 derivare. Non avrei mai immaginato che il mio lungo amore per la Grecia sarebbe diventato un giorno solidariet\u00e0 per una situazione simile a quella italiana.\u00a0 Guardo la foto in testa a questo blog: l&#8217;ho scattata in Grecia, in primo piano il verde e sullo sfondo un paesaggio aspro. Come quando la scelsi, ripenso agli opposti &#8211; acqua e sete, ricchezza e povert\u00e0, libert\u00e0 e regime &#8211; cos\u00ec uguali dovunque, cos\u00ec vicini.<\/p>\n","protected":false},"excerpt":{"rendered":"<p>La Grecia \u00e8 unica, per la bellezza del paesaggio, la cultura, il carattere della sua gente. Per me una seconda casa, con i cassetti pieni di emozioni intense, difficili da restituire. L\u00ec nel corso degli anni mi \u00e8 capitato di &hellip; <a href=\"https:\/\/www.marinadellabella.it\/?p=923\">Continua a leggere<span class=\"meta-nav\">&rarr;<\/span><\/a><\/p>\n","protected":false},"author":1,"featured_media":0,"comment_status":"open","ping_status":"open","sticky":false,"template":"","format":"standard","meta":{"footnotes":""},"categories":[1],"tags":[363],"class_list":["post-923","post","type-post","status-publish","format-standard","hentry","category-uncategorized","tag-grecia"],"_links":{"self":[{"href":"https:\/\/www.marinadellabella.it\/index.php?rest_route=\/wp\/v2\/posts\/923","targetHints":{"allow":["GET"]}}],"collection":[{"href":"https:\/\/www.marinadellabella.it\/index.php?rest_route=\/wp\/v2\/posts"}],"about":[{"href":"https:\/\/www.marinadellabella.it\/index.php?rest_route=\/wp\/v2\/types\/post"}],"author":[{"embeddable":true,"href":"https:\/\/www.marinadellabella.it\/index.php?rest_route=\/wp\/v2\/users\/1"}],"replies":[{"embeddable":true,"href":"https:\/\/www.marinadellabella.it\/index.php?rest_route=%2Fwp%2Fv2%2Fcomments&post=923"}],"version-history":[{"count":49,"href":"https:\/\/www.marinadellabella.it\/index.php?rest_route=\/wp\/v2\/posts\/923\/revisions"}],"predecessor-version":[{"id":3632,"href":"https:\/\/www.marinadellabella.it\/index.php?rest_route=\/wp\/v2\/posts\/923\/revisions\/3632"}],"wp:attachment":[{"href":"https:\/\/www.marinadellabella.it\/index.php?rest_route=%2Fwp%2Fv2%2Fmedia&parent=923"}],"wp:term":[{"taxonomy":"category","embeddable":true,"href":"https:\/\/www.marinadellabella.it\/index.php?rest_route=%2Fwp%2Fv2%2Fcategories&post=923"},{"taxonomy":"post_tag","embeddable":true,"href":"https:\/\/www.marinadellabella.it\/index.php?rest_route=%2Fwp%2Fv2%2Ftags&post=923"}],"curies":[{"name":"wp","href":"https:\/\/api.w.org\/{rel}","templated":true}]}}